{"id":4742,"date":"2023-10-16T04:57:37","date_gmt":"2023-10-16T04:57:37","guid":{"rendered":"https:\/\/new.findnews5.com\/?p=4742"},"modified":"2023-10-16T04:57:38","modified_gmt":"2023-10-16T04:57:38","slug":"samiti-i-procesit-te-berlinit-ne-shqiperi-shikoni-surprizen-qe-i-pret-lideret-e-be-se-ne-tirane","status":"publish","type":"post","link":"https:\/\/new.findnews5.com\/?p=4742","title":{"rendered":"Samiti i \u201cProcesit t\u00eb Berlinit\u201d n\u00eb Shqip\u00ebri, shikoni surpriz\u00ebn q\u00eb i pret lider\u00ebt e BE-s\u00eb n\u00eb Tiran\u00eb\u2026"},"content":{"rendered":"<div class=\"78954ae5fa42b68c1393fe3da4998882\" data-index=\"1\" style=\"float: none; margin:0px 0 0px 0; text-align:center;\">\n<div data-type=\"_mgwidget\" data-widget-id=\"1576712\">\r\n<\/div>\r\n<script>(function(w,q){w[q]=w[q]||[];w[q].push([\"_mgc.load\"])})(window,\"_mgq\");\r\n<\/script>\r\n\n<\/div>\n<p>Dita e h\u00ebn\u00eb do t\u00eb jet\u00eb historike p\u00ebr Tiran\u00ebn, pasi p\u00ebr her\u00eb t\u00eb par\u00eb do t\u00eb zhvillohet nj\u00eb samit i p\u00ebrmasave t\u00eb tilla, ku do t\u00eb marrin pjes\u00eb t\u00eb gjith\u00eb lider\u00ebt europian\u00eb.<\/p>\n<p>Tirana ka nisur p\u00ebrgatitjet p\u00ebr k\u00ebt\u00eb ngjarje historike, ku flamuj t\u00eb Bashkimit Evropian shihen kudo n\u00ebp\u00ebr rrug\u00ebt e Tiran\u00ebs dhe n\u00eb rrug\u00ebn kryesore t\u00eb aeroportit nd\u00ebrkomb\u00ebtar \u201cN\u00ebn\u00eb Tereza\u201d n\u00eb Rinas.<\/p>\n<p>P\u00ebrgatitjet p\u00ebr k\u00ebt\u00eb samit po vijojn\u00eb. N\u00eb samit deri m\u00eb tani \u00ebsht\u00eb konfirmuar pjes\u00ebmarrja e Kancelarit Gjerman, Olaf Scholz, presidenti Franc\u00ebs, Emmanuel Macron, si edhe Presidentja e Komisionit Europian, Ursula von der Leyen.<\/p>\n\n<div style=\"font-size: 0px; height: 0px; line-height: 0px; margin: 0; padding: 0; clear: both;\"><\/div>","protected":false},"excerpt":{"rendered":"<p>Dita e h\u00ebn\u00eb do t\u00eb jet\u00eb historike p\u00ebr Tiran\u00ebn, pasi p\u00ebr her\u00eb t\u00eb par\u00eb do t\u00eb zhvillohet nj\u00eb samit i p\u00ebrmasave t\u00eb tilla, ku do t\u00eb marrin&#8230; <\/p>\n","protected":false},"author":1,"featured_media":4743,"comment_status":"open","ping_status":"open","sticky":false,"template":"","format":"standard","meta":{"footnotes":""},"categories":[6],"tags":[],"class_list":["post-4742","post","type-post","status-publish","format-standard","has-post-thumbnail","hentry","category-lajme"],"_links":{"self":[{"href":"https:\/\/new.findnews5.com\/index.php?rest_route=\/wp\/v2\/posts\/4742","targetHints":{"allow":["GET"]}}],"collection":[{"href":"https:\/\/new.findnews5.com\/index.php?rest_route=\/wp\/v2\/posts"}],"about":[{"href":"https:\/\/new.findnews5.com\/index.php?rest_route=\/wp\/v2\/types\/post"}],"author":[{"embeddable":true,"href":"https:\/\/new.findnews5.com\/index.php?rest_route=\/wp\/v2\/users\/1"}],"replies":[{"embeddable":true,"href":"https:\/\/new.findnews5.com\/index.php?rest_route=%2Fwp%2Fv2%2Fcomments&post=4742"}],"version-history":[{"count":0,"href":"https:\/\/new.findnews5.com\/index.php?rest_route=\/wp\/v2\/posts\/4742\/revisions"}],"wp:featuredmedia":[{"embeddable":true,"href":"https:\/\/new.findnews5.com\/index.php?rest_route=\/wp\/v2\/media\/4743"}],"wp:attachment":[{"href":"https:\/\/new.findnews5.com\/index.php?rest_route=%2Fwp%2Fv2%2Fmedia&parent=4742"}],"wp:term":[{"taxonomy":"category","embeddable":true,"href":"https:\/\/new.findnews5.com\/index.php?rest_route=%2Fwp%2Fv2%2Fcategories&post=4742"},{"taxonomy":"post_tag","embeddable":true,"href":"https:\/\/new.findnews5.com\/index.php?rest_route=%2Fwp%2Fv2%2Ftags&post=4742"}],"curies":[{"name":"wp","href":"https:\/\/api.w.org\/{rel}","templated":true}]}}