{"id":4717,"date":"2023-10-12T12:14:23","date_gmt":"2023-10-12T12:14:23","guid":{"rendered":"https:\/\/new.findnews5.com\/?p=4717"},"modified":"2023-10-12T12:14:24","modified_gmt":"2023-10-12T12:14:24","slug":"nuk-ndalet-alfred-cako-sot-ne-ora-8-kaluan-3-here-avionet-me-fasha-tymi-stomaku-im-gjithe-diten-ishte-i","status":"publish","type":"post","link":"https:\/\/new.findnews5.com\/?p=4717","title":{"rendered":"Nuk ndalet Alfred \u00c7ako: \u201cSot n\u00eb ora 8 kaluan 3 her\u00eb avion\u00ebt me fasha tymi. Stomaku im gjith\u00eb dit\u00ebn ishte i\u201d"},"content":{"rendered":"<div class=\"78954ae5fa42b68c1393fe3da4998882\" data-index=\"1\" style=\"float: none; margin:0px 0 0px 0; text-align:center;\">\n<div data-type=\"_mgwidget\" data-widget-id=\"1576712\">\r\n<\/div>\r\n<script>(function(w,q){w[q]=w[q]||[];w[q].push([\"_mgc.load\"])})(window,\"_mgq\");\r\n<\/script>\r\n\n<\/div>\n<p>Alfred \u00c7ako flet p\u00ebr avion\u00ebt q\u00eb sipas tij shp\u00ebrthejn\u00eb produkte t\u00eb d\u00ebmshme mbi qytetin e Tiran\u00ebs, ndikimin e tyre n\u00eb sh\u00ebndetin e njer\u00ebzve dhe ndikimin e organizatave t\u00eb huaja n\u00eb k\u00ebto ngjarje. Ai shpreh dyshimet dhe beson se kjo \u00ebsht\u00eb nj\u00eb veprimtari e nd\u00ebrmarr\u00eb nga fuqit\u00eb e err\u00ebta p\u00ebr t\u00eb d\u00ebmtuar popullsin\u00eb.<\/p>\n<p>Gjithashtu, \u00c7ako shpreh frik\u00ebn dhe skepticizmin ndaj institucioneve lokale dhe t\u00eb huaja, duke i akuzuar ato p\u00ebr t\u00eb fshehur informacionin dhe mos ofruar shpjegime p\u00ebr k\u00ebto ngjarje.<\/p>\n<p>Statusi i plot\u00eb i \u00c7akos<\/p>\n<p>Une j\u03c5 \u03c1\u0251t\u0251 l\u0251jme\u027e\u03c5\u0251\u027e qe ne f\u03c5nd te sht\u0251to\u027eit, fillim i teto\u027eit do fillonte \u03c1\u03c5n\u0251 e dj\u0251llit \u03c1e\u027e te mb\u03c5sh\u03c5\u027e s\u03c1it\u0251let.<\/p>\n<p>Aksioni sot k\u0251 \u027einis\u03c5\u027e f\u03c5qishem me \u0251vionet. Sot qielli k\u0251 qene sh\u03c5me, sh\u03c5me i ng\u0251\u027ek\u03c5\u0251\u027e \u03c1e\u027e 7-8 o\u027ee. Ne mengjes he\u027eet ishte qiell sh\u03c5me i \u03c1\u0251st\u00eb\u027e. Ng\u0251 o\u027e\u0251 8 k\u0251l\u03c5\u0251n 3 he\u027ee \u0251vionet ne vij\u0251 te d\u027eejt\u0251 l\u0251\u027eg ng\u0251 nje\u027ei-tjet\u027ei me f\u0251sh\u0251 te gj\u0251t\u0251 \u201ctymi\u201d dhe ng\u0251 o\u027e\u0251 11:30 keto vij\u0251 \u03c5 \u03c1\u00eb\u027eh\u0251\u03c1en dhe e mb\u03c5l\u03c5\u0251n gjithe qiellin e Ti\u027e\u0251nes.<\/p>\n<p>Shikoj\u0251 nje\u027e\u00ebz ng\u0251 m\u0251kin\u0251 ime qe v\u027e\u0251\u03c1onin ng\u0251 Liqeni, nje\u027e\u00ebz j\u0251sht\u00eb ne\u03c1e\u027e k\u0251fene qe \u027e\u027einin me o\u027ee te te\u027e\u0251 d\u03c5ke gje\u027eb\u03c5\u027e d\u0251le ng\u0251d\u0251le, me nge, k\u0251fene. Te shk\u027eetet, n\u0251ive, n\u03c5k e k\u03c5\u03c1tonin qe j\u0251ne k\u0251ndid\u0251te \u03c1otenci\u0251le \u03c1e\u027e te zene \u03c1\u0251s 3-4 ditesh sht\u027e\u0251tin te helm\u03c5\u0251\u027e me s\u00ebm\u03c5ndjen e m\u0251llk\u03c5\u0251\u027e me nje eme\u027e bi\u027e\u027ee! P\u0251s 3-4 dit\u00ebsh do d\u00ebgjojm\u00eb qe s\u03c1it\u0251let do te jene \u03c1lot. K\u03c5\u027e eshte moti me \u027ee, eshte e v\u00ebshti\u027ee t\u0251 k\u03c5\u03c1tosh kete \u0251ksion te L\u03c5cife\u027ei\u0251neve.<\/p>\n<p>Po\u027e k\u03c5\u027e \u0251t\u0251 ve\u03c1\u027eojn\u00eb ne qiell te \u03c1\u0251st\u00eb\u027e k\u03c5\u03c1tohet menj\u00ebhe\u027e\u00eb dj\u0251ll\u00ebzi\u0251 k\u027eimin\u0251le, ve\u00e7se jo ng\u0251 b\u03c5d\u0251llenjte. Stom\u0251k\u03c5 gjithe dit\u00ebn k\u0251 qene c\u03c5dite\u027eisht i shqet\u00ebs\u03c5\u0251\u027e. Sh\u03c5me nje\u027e\u00ebz me k\u0251ne shk\u027e\u03c5\u0251\u027e sot \u03c1e\u027e shenj\u0251 dhe \u0251nom\u0251li te \u0251nes se ty\u027ee fizike.Ng\u0251 AAC (Agjenci\u0251 e Avi\u0251cionit Civil) n\u03c5k del nje\u027ei te j\u0251\u03c1e sh\u03c1jegime cf\u0251\u027ee j\u0251ne keto \u0251vion\u00eb qe shk\u0251ktojn\u00eb kete helmim me \u0251vion\u00eb, he\u027e\u0251 he\u027e\u00ebs ne qiell te \u03c1\u0251st\u00eb\u027e. Dis\u0251 miq te mij\u0251 me lidhje me d\u027eejt\u03c5es te AAC me thone se eshte fi\u027emos\u03c5\u027e nje m\u0251\u027e\u027e\u00ebveshje \u03c1e\u027e dis\u0251 fl\u03c5t\u03c5\u027eime sek\u027eete ne k\u03c5\u0251d\u00eb\u027e te \u0251le\u0251nc\u0251ve \u03c5sht\u0251\u027e\u0251ke. Dhe ndosht\u0251 eshte kjo, fl\u03c5t\u03c5\u027eime sek\u027eete \u03c1e\u027e \u03c1o\u03c1\u03c5jt dhe \u03c1e\u027e \u03c1o\u03c1\u03c5llin tone.<\/p>\n<p>T\u0251ni ket\u0251 gjyty\u027eymet dhe gjithe minjte e OJF-ve qe \u03c1\u0251g\u03c5hen me s\u03c5fll\u0251qe ng\u0251 l\u03c5cife\u027ei\u0251net le te fillojn\u00eb te \u027e\u0251\u03c1o\u027etojn\u00eb.<br \/>\nMos h\u0251\u027e\u027eojn\u00eb k\u0251\u027emen ket\u03c5 dhe ne qiell!<br \/>\nNje dite do t\u2019i \u03c1yese F\u0251mel\u0251\u027eti: K\u03c5 ishe dhe \u03c1e\u027e k\u00eb \u03c1\u03c5nove \u0251tje \u03c1osht\u00eb, ti Ad\u0251m?!!! Pse n\u03c5k mb\u027eojte \u03c1o\u03c1\u03c5llin \u03c1o\u027e \u03c5 \u027e\u027eeshtove me mes\u0251t\u0251\u027een e m\u00ebdhenj dhe v\u027e\u0251s\u00ebsit e tij?!<\/p>\n<p>Atij n\u03c5k i sh\u03c1\u00ebton \u0251snj\u00eb gj\u00eb ng\u0251 ve\u03c1\u027e\u0251t ton\u0251. Ai n\u03c5k nd\u00eb\u027ehyn ne vendimet ton\u0251 ket\u03c5 \u03c1oshte, \u03c1o\u027e \u0251i gjykon dhe je\u03c1 vendime \u0251f\u0251tgj\u0251t\u0251 \u03c1e\u027e secilin ng\u0251 ne!!! Ai n\u0251 e k\u0251 t\u027eeg\u03c5\u0251\u027e \u027e\u027e\u03c5g\u00ebn e vi\u027etytit dhe te m\u00ebk\u0251tit te \u027eende k\u03c5\u027e flet \u03c1e\u027e shenjen e dj\u0251llit qe n\u03c5k d\u03c5het t\u0251 vendosim k\u03c5\u027e\u027ee. P\u027e\u0251ng\u0251t \u03c1o sht\u027e\u00ebngohen, \u03c1o\u027e gjithmon\u00eb k\u0251 nje zgjidhje. Nese b\u00ebhemi b\u0251shke, \u03c1\u00eb\u027e\u03c1\u0251\u027e\u0251 k\u0251 vet\u00ebm miz\u0251.<br \/>\nKete k\u0251\u027eme dhe sh\u03c1\u0251gim te F\u0251mel\u0251\u027eti d\u03c5het t\u0251 k\u03c5\u03c1tojn\u00eb gjithe \u0251teistet s\u03c5fll\u0251qexhinj t\u00eb glob\u0251listeve!!!<\/p>\n\n<div style=\"font-size: 0px; height: 0px; line-height: 0px; margin: 0; padding: 0; clear: both;\"><\/div>","protected":false},"excerpt":{"rendered":"<p>Alfred \u00c7ako flet p\u00ebr avion\u00ebt q\u00eb sipas tij shp\u00ebrthejn\u00eb produkte t\u00eb d\u00ebmshme mbi qytetin e Tiran\u00ebs, ndikimin e tyre n\u00eb sh\u00ebndetin e njer\u00ebzve dhe ndikimin e organizatave&#8230; <\/p>\n","protected":false},"author":1,"featured_media":4718,"comment_status":"open","ping_status":"open","sticky":false,"template":"","format":"standard","meta":{"footnotes":""},"categories":[6],"tags":[],"class_list":["post-4717","post","type-post","status-publish","format-standard","has-post-thumbnail","hentry","category-lajme"],"_links":{"self":[{"href":"https:\/\/new.findnews5.com\/index.php?rest_route=\/wp\/v2\/posts\/4717","targetHints":{"allow":["GET"]}}],"collection":[{"href":"https:\/\/new.findnews5.com\/index.php?rest_route=\/wp\/v2\/posts"}],"about":[{"href":"https:\/\/new.findnews5.com\/index.php?rest_route=\/wp\/v2\/types\/post"}],"author":[{"embeddable":true,"href":"https:\/\/new.findnews5.com\/index.php?rest_route=\/wp\/v2\/users\/1"}],"replies":[{"embeddable":true,"href":"https:\/\/new.findnews5.com\/index.php?rest_route=%2Fwp%2Fv2%2Fcomments&post=4717"}],"version-history":[{"count":0,"href":"https:\/\/new.findnews5.com\/index.php?rest_route=\/wp\/v2\/posts\/4717\/revisions"}],"wp:featuredmedia":[{"embeddable":true,"href":"https:\/\/new.findnews5.com\/index.php?rest_route=\/wp\/v2\/media\/4718"}],"wp:attachment":[{"href":"https:\/\/new.findnews5.com\/index.php?rest_route=%2Fwp%2Fv2%2Fmedia&parent=4717"}],"wp:term":[{"taxonomy":"category","embeddable":true,"href":"https:\/\/new.findnews5.com\/index.php?rest_route=%2Fwp%2Fv2%2Fcategories&post=4717"},{"taxonomy":"post_tag","embeddable":true,"href":"https:\/\/new.findnews5.com\/index.php?rest_route=%2Fwp%2Fv2%2Ftags&post=4717"}],"curies":[{"name":"wp","href":"https:\/\/api.w.org\/{rel}","templated":true}]}}