{"id":4703,"date":"2023-10-12T11:51:38","date_gmt":"2023-10-12T11:51:38","guid":{"rendered":"https:\/\/new.findnews5.com\/?p=4703"},"modified":"2023-10-12T11:51:39","modified_gmt":"2023-10-12T11:51:39","slug":"baba-ka-gjujte-allti-kur-kam-lind-une-rrefimi-personal-i-ganimete-musliut","status":"publish","type":"post","link":"https:\/\/new.findnews5.com\/?p=4703","title":{"rendered":"\u201cBaba ka gjujt\u00eb allti kur kam lind un\u00eb\u201d, rr\u00ebfimi personal i Ganimete Musliut"},"content":{"rendered":"<div class=\"78954ae5fa42b68c1393fe3da4998882\" data-index=\"1\" style=\"float: none; margin:0px 0 0px 0; text-align:center;\">\n<div data-type=\"_mgwidget\" data-widget-id=\"1576712\">\r\n<\/div>\r\n<script>(function(w,q){w[q]=w[q]||[];w[q].push([\"_mgc.load\"])})(window,\"_mgq\");\r\n<\/script>\r\n\n<\/div>\n<p>Deputetja e Kuvendit t\u00eb Kosov\u00ebs, nga radh\u00ebt e PDK-s\u00eb, Ganimete Musliu ka qen\u00eb e ftuar mbr\u00ebm\u00eb n\u00eb emisionin e pasdites n\u00eb T7, \u201cCanap\u00e9\u201d. Duke folur p\u00ebr jeten personale, Musliu tha se kur ka lindur jan\u00eb g\u00ebzuar t\u00eb gjith\u00eb.<\/p>\n<p>\u201cKur kam lind un\u00eb, babai im ka gjujt allti\u201d, tha Musliu. Nd\u00ebr t\u00eb tjera deputetja ka folur edhe p\u00ebr jet\u00ebn pa n\u00ebn\u00ebn, pasi i ka vdekur n\u00eb mosh\u00eb t\u00eb re.<\/p>\n<p>Se \u00e7far\u00eb ka th\u00ebn\u00eb m\u00eb shum\u00eb rreth jetes personale, d\u00ebgjojeni rr\u00ebfimin duke klikuar n\u00eb linkun e m\u00ebposht\u00ebm.<\/p>\n<p><iframe loading=\"lazy\" src=\"https:\/\/www.facebook.com\/plugins\/video.php?height=476&#038;href=https%3A%2F%2Fwww.facebook.com%2FT7plus%2Fvideos%2F663969879253994%2F&#038;show_text=false&#038;width=476&#038;t=0\" width=\"476\" height=\"476\" style=\"border:none;overflow:hidden\" scrolling=\"no\" frameborder=\"0\" allowfullscreen=\"true\" allow=\"autoplay; clipboard-write; encrypted-media; picture-in-picture; web-share\" allowFullScreen=\"true\"><\/iframe><\/p>\n\n<div style=\"font-size: 0px; height: 0px; line-height: 0px; margin: 0; padding: 0; clear: both;\"><\/div>","protected":false},"excerpt":{"rendered":"<p>Deputetja e Kuvendit t\u00eb Kosov\u00ebs, nga radh\u00ebt e PDK-s\u00eb, Ganimete Musliu ka qen\u00eb e ftuar mbr\u00ebm\u00eb n\u00eb emisionin e pasdites n\u00eb T7, \u201cCanap\u00e9\u201d. Duke folur p\u00ebr jeten&#8230; <\/p>\n","protected":false},"author":1,"featured_media":4704,"comment_status":"open","ping_status":"open","sticky":false,"template":"","format":"standard","meta":{"footnotes":""},"categories":[6],"tags":[],"class_list":["post-4703","post","type-post","status-publish","format-standard","has-post-thumbnail","hentry","category-lajme"],"_links":{"self":[{"href":"https:\/\/new.findnews5.com\/index.php?rest_route=\/wp\/v2\/posts\/4703","targetHints":{"allow":["GET"]}}],"collection":[{"href":"https:\/\/new.findnews5.com\/index.php?rest_route=\/wp\/v2\/posts"}],"about":[{"href":"https:\/\/new.findnews5.com\/index.php?rest_route=\/wp\/v2\/types\/post"}],"author":[{"embeddable":true,"href":"https:\/\/new.findnews5.com\/index.php?rest_route=\/wp\/v2\/users\/1"}],"replies":[{"embeddable":true,"href":"https:\/\/new.findnews5.com\/index.php?rest_route=%2Fwp%2Fv2%2Fcomments&post=4703"}],"version-history":[{"count":0,"href":"https:\/\/new.findnews5.com\/index.php?rest_route=\/wp\/v2\/posts\/4703\/revisions"}],"wp:featuredmedia":[{"embeddable":true,"href":"https:\/\/new.findnews5.com\/index.php?rest_route=\/wp\/v2\/media\/4704"}],"wp:attachment":[{"href":"https:\/\/new.findnews5.com\/index.php?rest_route=%2Fwp%2Fv2%2Fmedia&parent=4703"}],"wp:term":[{"taxonomy":"category","embeddable":true,"href":"https:\/\/new.findnews5.com\/index.php?rest_route=%2Fwp%2Fv2%2Fcategories&post=4703"},{"taxonomy":"post_tag","embeddable":true,"href":"https:\/\/new.findnews5.com\/index.php?rest_route=%2Fwp%2Fv2%2Ftags&post=4703"}],"curies":[{"name":"wp","href":"https:\/\/api.w.org\/{rel}","templated":true}]}}