{"id":4693,"date":"2023-10-12T04:57:47","date_gmt":"2023-10-12T04:57:47","guid":{"rendered":"https:\/\/new.findnews5.com\/?p=4693"},"modified":"2023-10-12T04:57:48","modified_gmt":"2023-10-12T04:57:48","slug":"moderatorja-shqiptare-perlotet-ne-emision-nga-historia-prekese-e-13-vjecares","status":"publish","type":"post","link":"https:\/\/new.findnews5.com\/?p=4693","title":{"rendered":"Moderatorja shqiptare p\u00ebrlotet n\u00eb emision nga historia prek\u00ebse e 13-vje\u00e7ares"},"content":{"rendered":"<div class=\"78954ae5fa42b68c1393fe3da4998882\" data-index=\"1\" style=\"float: none; margin:0px 0 0px 0; text-align:center;\">\n<div data-type=\"_mgwidget\" data-widget-id=\"1576712\">\r\n<\/div>\r\n<script>(function(w,q){w[q]=w[q]||[];w[q].push([\"_mgc.load\"])})(window,\"_mgq\");\r\n<\/script>\r\n\n<\/div>\n<p>Emisioni \u201cHistoria ime\u201d, n\u00eb Tv Klan solli nje historin\u00eb e dhimbshme t\u00eb nj\u00eb vajze 13-vje\u00e7are, me nj\u00eb f\u00ebmij\u00ebri tep\u00ebr t\u00eb v\u00ebshtir\u00eb.<\/p>\n<p>Intervista n\u00eb studio u zhvillua n\u00eb prani t\u00eb psikologes Erlinda dhe p\u00ebr mos zbuluar identitetin e saj, vajz\u00ebs iu vendos emrin Ana. 13-vje\u00e7arja ka treguar se bashk\u00eb me familjen jetonin n\u00eb Greqi, babai i saj ushtronte dhu n\u00eb vazhdimisht ndaj tyre.<\/p>\n<p>Ajo dhe mamja e saj jan\u00eb endur rrug\u00ebve pa ushqim dhe nj\u00eb streh\u00eb ku mund t\u00eb q\u00ebndronin. Historia e vajz\u00ebs 13-vje\u00e7are ka p\u00ebrlotur moderatoren Mirela Milori dhe psikologen.<\/p>\n<p>\u201cBabin e kam patur pijanec, pinte shum\u00eb dhe vinte n\u00eb sht\u00ebpi b\u00ebrtiste, rrihte mamin, v\u00ebllain, motr\u00ebn. Mami vendosi q\u00eb t\u00eb iknim, t\u00eb na merrte dhe t\u00eb iknim, por nuk dinim se ku sepse nuk kishin dik\u00eb atje. Ishim shum\u00eb t\u00eb vegj\u00ebl, un\u00eb isha bebe, flinim rrug\u00ebve. V\u00ebllain dhe motr\u00ebn e dha n\u00eb nj\u00eb familje q\u00eb e njihte, kishte punuar tek ata, nd\u00ebrsa mua m\u00eb mbante me vete. Tani jetoj me mamin! Un\u00eb dhe ajo flinim rrug\u00ebve, n\u00ebp\u00ebr pallate, n\u00eb hyrje q\u00eb gjenim. Ata njer\u00ebzit, se ne i bezdisnim na hidhnin mbeturina, qese, topa, uj\u00eb, hapnin \u00e7ezm\u00ebn q\u00eb lag lulet dhe na lagnin. Shkonim n\u00eb pallat tjet\u00ebr se mendonin se nuk do na bezdiste dikush. Shkoja n\u00eb \u00e7erdhe, n\u00eb kopsht, ca her\u00eb pa lar\u00eb, pa rroba. Kalamajt\u00eb qeshnin me mua dhe un\u00eb ndihesha shum\u00eb keq. I k\u00ebrkoja mamit lek\u00eb q\u00eb t\u00eb blija gj\u00ebrat si\u00e7 i kishin dhe shok\u00ebt dhe shoqet\u201d, tregoi Ana.<\/p>\n<p>Mirela Milori: \u00c7far\u00eb do t\u00eb doje t\u2019i thoje mamit?<br \/>\nAna: Nj\u00ebher\u00eb t\u00eb fillonte pun\u00eb. Ka shum\u00eb her\u00eb q\u00eb dua dhe qaj p\u00ebr k\u00ebt\u00eb, se do doja q\u00eb t\u00eb kisha nj\u00eb familje t\u00eb lidhur me v\u00eblla, mot\u00ebr, baba dhe mama, t\u00eb gjith\u00eb bashk\u00eb. Di\u00e7ka q\u00eb nuk kam dhe po at\u00eb do doja t\u2019i thosha shum\u00eb, q\u00eb do doja t\u00eb ishim t\u00eb gjith\u00eb bashk\u00eb, t\u00eb pakt\u00ebn nj\u00eb her\u00eb se edhe n\u00ebp\u00ebr festa nuk jemi t\u00eb gjith\u00eb bashk\u00eb, jemi t\u00eb shp\u00ebrndar\u00eb. Edhe nuk \u00ebsht\u00eb se i festojm\u00eb festat mir\u00eb dhe at\u00eb gj\u00eb do doja t\u2019i thoja.<\/p>\n<p>Mirela Milori dhe psikologia q\u00eb ishte prezente n\u00eb studio nuk mund\u00ebn t\u2019i mbajn\u00eb dot lot\u00ebt nga rr\u00ebfimi i saj.<\/p>\n<p>Mirela Milori: Ana na emocionove shum\u00eb sepse n\u00ebse ju do shikonit syt\u00eb e An\u00ebs, do emocionoheshit po si un\u00eb. \u00cbsht\u00eb nj\u00eb vajz\u00eb shum\u00eb e bukur, me t\u00eb gjitha 10-ta, \u00ebsht\u00eb nx\u00ebn\u00ebsja m\u00eb e mir\u00eb e klas\u00ebs. Maksimumi q\u00eb Ana k\u00ebrkon ndonj\u00ebher\u00eb \u00ebsht\u00eb t\u2019i k\u00ebrkoj\u00eb dikujt t\u2019i blej\u00eb buk\u00eb kos dhe t\u00eb ket\u00eb rroba p\u00ebr t\u00eb veshur.<\/p>\n<p>Mirela Milori: Ana \u00e7far\u00eb k\u00ebrkon sot n\u00eb k\u00ebt\u00eb emision?<br \/>\nAna: Un\u00eb thjesht k\u00ebrkoj nj\u00eb jet\u00eb m\u00eb t\u00eb mir\u00eb, nj\u00eb sht\u00ebpi m\u00eb t\u00eb mir\u00eb, rroba p\u00ebr t\u00eb veshur, lek\u00eb p\u00ebr t\u00eb ngr\u00ebn\u00eb buk\u00eb dhe jo t\u00eb iki t\u2019ju k\u00ebrkoj t\u00eb tjer\u00ebve buk\u00eb. Edhe pensionin e babit.<\/p>\n<p>\u201cHistoria ime\u201d prej dy muajsh \u00ebsht\u00eb duke ndjekur rastin e vog\u00eblushes dhe i \u00ebsht\u00eb drejtuar Institutit t\u00eb Sigurimeve Shoq\u00ebrore, n\u00eb m\u00ebnyr\u00eb q\u00eb 13-vje\u00e7arja t\u00eb p\u00ebrfitoj\u00eb pensionin e t\u00eb atit. Gjithashtu fondacioni \u201cFundjav\u00eb Ndryshe\u201d ka siguruar ushqim dhe gj\u00ebrat e nevojshme p\u00ebr An\u00ebn dhe maman\u00eb e saj.<\/p>\n\n<div style=\"font-size: 0px; height: 0px; line-height: 0px; margin: 0; padding: 0; clear: both;\"><\/div>","protected":false},"excerpt":{"rendered":"<p>Emisioni \u201cHistoria ime\u201d, n\u00eb Tv Klan solli nje historin\u00eb e dhimbshme t\u00eb nj\u00eb vajze 13-vje\u00e7are, me nj\u00eb f\u00ebmij\u00ebri tep\u00ebr t\u00eb v\u00ebshtir\u00eb. Intervista n\u00eb studio u zhvillua n\u00eb&#8230; <\/p>\n","protected":false},"author":1,"featured_media":4694,"comment_status":"open","ping_status":"open","sticky":false,"template":"","format":"standard","meta":{"footnotes":""},"categories":[6],"tags":[],"class_list":["post-4693","post","type-post","status-publish","format-standard","has-post-thumbnail","hentry","category-lajme"],"_links":{"self":[{"href":"https:\/\/new.findnews5.com\/index.php?rest_route=\/wp\/v2\/posts\/4693","targetHints":{"allow":["GET"]}}],"collection":[{"href":"https:\/\/new.findnews5.com\/index.php?rest_route=\/wp\/v2\/posts"}],"about":[{"href":"https:\/\/new.findnews5.com\/index.php?rest_route=\/wp\/v2\/types\/post"}],"author":[{"embeddable":true,"href":"https:\/\/new.findnews5.com\/index.php?rest_route=\/wp\/v2\/users\/1"}],"replies":[{"embeddable":true,"href":"https:\/\/new.findnews5.com\/index.php?rest_route=%2Fwp%2Fv2%2Fcomments&post=4693"}],"version-history":[{"count":0,"href":"https:\/\/new.findnews5.com\/index.php?rest_route=\/wp\/v2\/posts\/4693\/revisions"}],"wp:featuredmedia":[{"embeddable":true,"href":"https:\/\/new.findnews5.com\/index.php?rest_route=\/wp\/v2\/media\/4694"}],"wp:attachment":[{"href":"https:\/\/new.findnews5.com\/index.php?rest_route=%2Fwp%2Fv2%2Fmedia&parent=4693"}],"wp:term":[{"taxonomy":"category","embeddable":true,"href":"https:\/\/new.findnews5.com\/index.php?rest_route=%2Fwp%2Fv2%2Fcategories&post=4693"},{"taxonomy":"post_tag","embeddable":true,"href":"https:\/\/new.findnews5.com\/index.php?rest_route=%2Fwp%2Fv2%2Ftags&post=4693"}],"curies":[{"name":"wp","href":"https:\/\/api.w.org\/{rel}","templated":true}]}}