{"id":4677,"date":"2023-10-12T04:44:37","date_gmt":"2023-10-12T04:44:37","guid":{"rendered":"https:\/\/new.findnews5.com\/?p=4677"},"modified":"2023-10-12T04:44:38","modified_gmt":"2023-10-12T04:44:38","slug":"ben-vajzen-per-1-lek-ose-do-u-mesosh-femijeve-shqip-ose-mos-te-te-shoh-me-ne-shtepi","status":"publish","type":"post","link":"https:\/\/new.findnews5.com\/?p=4677","title":{"rendered":"Ben vajzen per 1 lek : Ose do u mesosh femijeve Shqip ose mos te te shoh me ne shtepi"},"content":{"rendered":"<div class=\"78954ae5fa42b68c1393fe3da4998882\" data-index=\"1\" style=\"float: none; margin:0px 0 0px 0; text-align:center;\">\n<div data-type=\"_mgwidget\" data-widget-id=\"1576712\">\r\n<\/div>\r\n<script>(function(w,q){w[q]=w[q]||[];w[q].push([\"_mgc.load\"])})(window,\"_mgq\");\r\n<\/script>\r\n\n<\/div>\n<p>Iftuar n\u00eb rubrik\u00ebn \u201cKa nj\u00eb mesazh p\u00ebr ty\u201d ishte Nuredini i cili kishte ardhur nga Brindisi i Italis\u00eb p\u00ebr t\u00eb shprehur nj\u00eb shqet\u00ebsim mbi faktin q\u00eb nipi i tij 6-vje\u00e7ar nuk flet shqip.<\/p>\n<p>Vajza e tij, Ada \u00ebsht\u00eb e martuar me nj\u00eb italian, Robertin me t\u00eb cilin ka nj\u00eb djal\u00eb, Mikelen. Mir\u00ebpo 6-vje\u00e7arit Ada nuk i ka m\u00ebsuar shqip dhe kjo e shqet\u00ebson Nuredinin.<\/p>\n<p>\u201cDjali kupton shqip por nuk e flet. Ai reagon po t\u00eb flas\u00ebsh keq p\u00ebr at\u00eb por nuk na e kthen n\u00eb shqip por n\u00eb italisht. D\u00ebgjoj nj\u00eb dit\u00eb nj\u00eb zonj\u00eb n\u00eb nj\u00eb supermarket q\u00eb i fliste italisht f\u00ebmij\u00ebs. E njihja at\u00eb zonj\u00ebn sepse ishte nga fshatrat e Kavaj\u00ebs.<\/p>\n<p>I thash\u00eb \u2018me k\u00ebt\u00eb italishten q\u00eb flet ti, si mund t\u2019i flas\u00ebsh f\u00ebmij\u00ebs? Fliti ore shqip! Kur do ta m\u00ebsoj\u00eb ky? M\u00eb tha q\u00eb k\u00ebshtu jemi m\u00ebsuar. I b\u00ebra nj\u00eb pyetje \u2018ti si i shikon \u00ebndrrat, n\u00eb shqip apo n\u00eb italisht\u2019?<\/p>\n<p>Pse ma b\u00ebn k\u00ebt\u00eb pyetje, m\u00eb tha. Jo i thash\u00eb un\u00eb, sepse at\u00ebher\u00eb njeriu \u00ebsht\u00eb pa ndienja. \u2018Shqip i shikoj\u2019 m\u00eb tha. \u2018At\u00ebher\u00eb je shqiptare puro i thash\u00eb, andej nga Kavaja ndaj fliti f\u00ebmij\u00ebs shqip\u201d, u shpreh Nuredini.<\/p>\n<p>Ada, vajza e Nuredinit erdhi n\u00eb studio dhe kur mori mesazhin e t\u00eb atit u shpreh se \u201cdjali di shqip por nuk flet sepse ka fr. ik\u00eb se ga. bon\u201d. Nuredini i la afat deri n\u00eb fund t\u00eb vitit q\u00eb Mikele t\u00eb flas\u00eb shqip, p\u00ebrndryshe nuk jen\u00eb m\u00eb t\u00eb mir\u00ebpritur n\u00eb sht\u00ebpin\u00eb e tij funjavave<\/p>\n\n<div style=\"font-size: 0px; height: 0px; line-height: 0px; margin: 0; padding: 0; clear: both;\"><\/div>","protected":false},"excerpt":{"rendered":"<p>Iftuar n\u00eb rubrik\u00ebn \u201cKa nj\u00eb mesazh p\u00ebr ty\u201d ishte Nuredini i cili kishte ardhur nga Brindisi i Italis\u00eb p\u00ebr t\u00eb shprehur nj\u00eb shqet\u00ebsim mbi faktin q\u00eb nipi&#8230; <\/p>\n","protected":false},"author":1,"featured_media":4678,"comment_status":"open","ping_status":"open","sticky":false,"template":"","format":"standard","meta":{"footnotes":""},"categories":[6],"tags":[],"class_list":["post-4677","post","type-post","status-publish","format-standard","has-post-thumbnail","hentry","category-lajme"],"_links":{"self":[{"href":"https:\/\/new.findnews5.com\/index.php?rest_route=\/wp\/v2\/posts\/4677","targetHints":{"allow":["GET"]}}],"collection":[{"href":"https:\/\/new.findnews5.com\/index.php?rest_route=\/wp\/v2\/posts"}],"about":[{"href":"https:\/\/new.findnews5.com\/index.php?rest_route=\/wp\/v2\/types\/post"}],"author":[{"embeddable":true,"href":"https:\/\/new.findnews5.com\/index.php?rest_route=\/wp\/v2\/users\/1"}],"replies":[{"embeddable":true,"href":"https:\/\/new.findnews5.com\/index.php?rest_route=%2Fwp%2Fv2%2Fcomments&post=4677"}],"version-history":[{"count":0,"href":"https:\/\/new.findnews5.com\/index.php?rest_route=\/wp\/v2\/posts\/4677\/revisions"}],"wp:featuredmedia":[{"embeddable":true,"href":"https:\/\/new.findnews5.com\/index.php?rest_route=\/wp\/v2\/media\/4678"}],"wp:attachment":[{"href":"https:\/\/new.findnews5.com\/index.php?rest_route=%2Fwp%2Fv2%2Fmedia&parent=4677"}],"wp:term":[{"taxonomy":"category","embeddable":true,"href":"https:\/\/new.findnews5.com\/index.php?rest_route=%2Fwp%2Fv2%2Fcategories&post=4677"},{"taxonomy":"post_tag","embeddable":true,"href":"https:\/\/new.findnews5.com\/index.php?rest_route=%2Fwp%2Fv2%2Ftags&post=4677"}],"curies":[{"name":"wp","href":"https:\/\/api.w.org\/{rel}","templated":true}]}}