{"id":4673,"date":"2023-10-11T23:59:16","date_gmt":"2023-10-11T23:59:16","guid":{"rendered":"https:\/\/new.findnews5.com\/?p=4673"},"modified":"2023-10-11T23:59:18","modified_gmt":"2023-10-11T23:59:18","slug":"eranda-libohova-rrefen-pse-nuk-eshte-martuar-ende-jo-se-nuk-doja-por","status":"publish","type":"post","link":"https:\/\/new.findnews5.com\/?p=4673","title":{"rendered":"Eranda Libohova rr\u00ebfen pse nuk \u00ebsht\u00eb martuar ende: Jo se nuk doja por\u2026"},"content":{"rendered":"<div class=\"78954ae5fa42b68c1393fe3da4998882\" data-index=\"1\" style=\"float: none; margin:0px 0 0px 0; text-align:center;\">\n<div data-type=\"_mgwidget\" data-widget-id=\"1576712\">\r\n<\/div>\r\n<script>(function(w,q){w[q]=w[q]||[];w[q].push([\"_mgc.load\"])})(window,\"_mgq\");\r\n<\/script>\r\n\n<\/div>\n<p>Eranda Libohova ka folur s\u00eb fundmi p\u00ebr jet\u00ebn e saj private dhe p\u00ebr arsyet se pse ende nuk \u00ebsht\u00eb martuar. N\u00eb nj\u00eb intervist\u00eb p\u00ebr emisionin \u201cFol me Mua\u201d, k\u00ebng\u00ebtarja shpjegoi se k\u00ebt\u00eb pyetje e d\u00ebgjon shpesh, por shtoi se kjo nuk do t\u00eb thot\u00eb se \u00ebsht\u00eb m\u00eb pak e lumtur pasi s\u2019i nuk i mungon dashuria.<\/p>\n<p>\u201cShpesh d\u00ebgjoj pyetjen pse nuk je martuar, ke ndonj\u00eb gj\u00eb t\u00eb re? Fakti q\u00eb nuk martohesh, nuk do t\u00eb thot\u00eb se un\u00eb jam m\u00eb pak e lumtur se nj\u00eb q\u00eb \u00ebsht\u00eb e martuar. Jo se nuk e doja martes\u00ebn dhe nuk m\u00eb p\u00eblqen martesa se un\u00eb vij nga nj\u00eb familje tradicionale, me motra e v\u00ebllez\u00ebr por q\u00eb k\u00ebshtu ka ndodhur.<\/p>\n<p>Jam shum\u00eb e lumtur k\u00ebshtu, nuk \u00ebsht\u00eb se m\u00eb mungon dashuria. Ndjehem e kompletuar. Un\u00eb ndihem shum\u00eb mir\u00eb n\u00eb t\u00eb gjith\u00eb qenien time. Un\u00eb kam qen\u00eb n\u00eb \u00e7ift, nuk jam ndjer\u00eb e rob\u00ebruar. N\u00eb momentin q\u00eb kam ndjer\u00eb trysni p\u00ebr di\u00e7ka q\u00eb nuk m\u00eb b\u00ebn t\u00eb ndihem vetvetja, iki, jam nj\u00eb virgj\u00ebresh\u00eb q\u00eb ia mbath\u201d, tha ajo.<\/p>\n\n<div style=\"font-size: 0px; height: 0px; line-height: 0px; margin: 0; padding: 0; clear: both;\"><\/div>","protected":false},"excerpt":{"rendered":"<p>Eranda Libohova ka folur s\u00eb fundmi p\u00ebr jet\u00ebn e saj private dhe p\u00ebr arsyet se pse ende nuk \u00ebsht\u00eb martuar. N\u00eb nj\u00eb intervist\u00eb p\u00ebr emisionin \u201cFol me&#8230; <\/p>\n","protected":false},"author":1,"featured_media":4674,"comment_status":"open","ping_status":"open","sticky":false,"template":"","format":"standard","meta":{"footnotes":""},"categories":[6],"tags":[],"class_list":["post-4673","post","type-post","status-publish","format-standard","has-post-thumbnail","hentry","category-lajme"],"_links":{"self":[{"href":"https:\/\/new.findnews5.com\/index.php?rest_route=\/wp\/v2\/posts\/4673","targetHints":{"allow":["GET"]}}],"collection":[{"href":"https:\/\/new.findnews5.com\/index.php?rest_route=\/wp\/v2\/posts"}],"about":[{"href":"https:\/\/new.findnews5.com\/index.php?rest_route=\/wp\/v2\/types\/post"}],"author":[{"embeddable":true,"href":"https:\/\/new.findnews5.com\/index.php?rest_route=\/wp\/v2\/users\/1"}],"replies":[{"embeddable":true,"href":"https:\/\/new.findnews5.com\/index.php?rest_route=%2Fwp%2Fv2%2Fcomments&post=4673"}],"version-history":[{"count":0,"href":"https:\/\/new.findnews5.com\/index.php?rest_route=\/wp\/v2\/posts\/4673\/revisions"}],"wp:featuredmedia":[{"embeddable":true,"href":"https:\/\/new.findnews5.com\/index.php?rest_route=\/wp\/v2\/media\/4674"}],"wp:attachment":[{"href":"https:\/\/new.findnews5.com\/index.php?rest_route=%2Fwp%2Fv2%2Fmedia&parent=4673"}],"wp:term":[{"taxonomy":"category","embeddable":true,"href":"https:\/\/new.findnews5.com\/index.php?rest_route=%2Fwp%2Fv2%2Fcategories&post=4673"},{"taxonomy":"post_tag","embeddable":true,"href":"https:\/\/new.findnews5.com\/index.php?rest_route=%2Fwp%2Fv2%2Ftags&post=4673"}],"curies":[{"name":"wp","href":"https:\/\/api.w.org\/{rel}","templated":true}]}}