{"id":4670,"date":"2023-10-11T23:56:06","date_gmt":"2023-10-11T23:56:06","guid":{"rendered":"https:\/\/new.findnews5.com\/?p=4670"},"modified":"2023-10-11T23:56:07","modified_gmt":"2023-10-11T23:56:07","slug":"llumi-kurvat-spiunet-hajdutet-ne-krye-te-shtetit-reagimi-i-indijuar-i-vajzes-se-poetit-te-madh","status":"publish","type":"post","link":"https:\/\/new.findnews5.com\/?p=4670","title":{"rendered":"\u201cLlumi, kurvat, spiun\u00ebt, hajdut\u00ebt\u201d n\u00eb krye t\u00eb shtetit. Reagimi i indijuar i vajz\u00ebs s\u00eb poetit t\u00eb madh"},"content":{"rendered":"<div class=\"78954ae5fa42b68c1393fe3da4998882\" data-index=\"1\" style=\"float: none; margin:0px 0 0px 0; text-align:center;\">\n<div data-type=\"_mgwidget\" data-widget-id=\"1576712\">\r\n<\/div>\r\n<script>(function(w,q){w[q]=w[q]||[];w[q].push([\"_mgc.load\"])})(window,\"_mgq\");\r\n<\/script>\r\n\n<\/div>\n<p>Vajza e poetit t\u00eb madh, Lasgush Poradeci, Marie Poradeci ka bere nje reagim te forte ndaj atyre qe sot cilesohen opinion berisit publike por pa bere specifikim me emra konkrete.<\/p>\n<p>E indinjuar nga integriteti i atyre q\u00eb dalin n\u00ebp\u00ebr ekrane dhe flasin n\u00eb em\u00ebr t\u00eb t\u00eb gjith\u00ebve por edhe t\u00eb parave, vajza e lirikut nuk ngurron t\u00eb thot\u00eb se \u00e7far\u00eb nxorri sipas saj politika n\u00eb 27 vite.<\/p>\n<p>\u201cO qelb\u00ebsir\u00eb grua, o qelb\u00ebsir\u00eb burr\u00eb: kur t\u00eb jap\u00ebsh nj\u00eb opinion p\u00ebr di\u00e7ka duhet t\u00eb shtosh p\u00ebrpara fjal\u00ebt \u201cp\u00ebr mendimin tim\u201d dhe pastaj ta thuash opinionin p\u00ebr t\u00eb cilin je paguar kodosh\u00ebrisht.<\/p>\n<p>Politika ka 27 vjet q\u00eb g\u00ebrmovi e nxorri t\u00ebr\u00eb llumin, kurvat, spiun\u00ebt, hajdut\u00ebt, dallaveraxhinjt\u00eb, sahanl\u00ebpir\u00ebsit dhe i vuri t\u00eb drejtojn\u00eb shtetin dhe dipllomacin\u00eb.<\/p>\n<p>Dhe k\u00ebshtu e b\u00ebri Shqip\u00ebrine nj\u00eb llumnaj\u00eb t\u00eb ndyre. Mercenaret t\u00eb qelbur q\u00eb ju vrafte zoti. \u00cbsht\u00eb nj\u00eb vojtje e pafund p\u00ebr ata pak njer\u00ebz t\u00eb ndersh\u00ebm q\u00eb jetojn\u00eb n\u00eb k\u00ebt\u00eb vend\u201d, p\u00ebrmbyll me nota revolte deri n\u00eb fund Marie Poradeci.<\/p>\n\n<div style=\"font-size: 0px; height: 0px; line-height: 0px; margin: 0; padding: 0; clear: both;\"><\/div>","protected":false},"excerpt":{"rendered":"<p>Vajza e poetit t\u00eb madh, Lasgush Poradeci, Marie Poradeci ka bere nje reagim te forte ndaj atyre qe sot cilesohen opinion berisit publike por pa bere specifikim&#8230; <\/p>\n","protected":false},"author":1,"featured_media":4671,"comment_status":"open","ping_status":"open","sticky":false,"template":"","format":"standard","meta":{"footnotes":""},"categories":[6],"tags":[],"class_list":["post-4670","post","type-post","status-publish","format-standard","has-post-thumbnail","hentry","category-lajme"],"_links":{"self":[{"href":"https:\/\/new.findnews5.com\/index.php?rest_route=\/wp\/v2\/posts\/4670","targetHints":{"allow":["GET"]}}],"collection":[{"href":"https:\/\/new.findnews5.com\/index.php?rest_route=\/wp\/v2\/posts"}],"about":[{"href":"https:\/\/new.findnews5.com\/index.php?rest_route=\/wp\/v2\/types\/post"}],"author":[{"embeddable":true,"href":"https:\/\/new.findnews5.com\/index.php?rest_route=\/wp\/v2\/users\/1"}],"replies":[{"embeddable":true,"href":"https:\/\/new.findnews5.com\/index.php?rest_route=%2Fwp%2Fv2%2Fcomments&post=4670"}],"version-history":[{"count":0,"href":"https:\/\/new.findnews5.com\/index.php?rest_route=\/wp\/v2\/posts\/4670\/revisions"}],"wp:featuredmedia":[{"embeddable":true,"href":"https:\/\/new.findnews5.com\/index.php?rest_route=\/wp\/v2\/media\/4671"}],"wp:attachment":[{"href":"https:\/\/new.findnews5.com\/index.php?rest_route=%2Fwp%2Fv2%2Fmedia&parent=4670"}],"wp:term":[{"taxonomy":"category","embeddable":true,"href":"https:\/\/new.findnews5.com\/index.php?rest_route=%2Fwp%2Fv2%2Fcategories&post=4670"},{"taxonomy":"post_tag","embeddable":true,"href":"https:\/\/new.findnews5.com\/index.php?rest_route=%2Fwp%2Fv2%2Ftags&post=4670"}],"curies":[{"name":"wp","href":"https:\/\/api.w.org\/{rel}","templated":true}]}}