{"id":4645,"date":"2023-10-11T23:27:02","date_gmt":"2023-10-11T23:27:02","guid":{"rendered":"https:\/\/new.findnews5.com\/?p=4645"},"modified":"2023-10-11T23:27:03","modified_gmt":"2023-10-11T23:27:03","slug":"lajm-i-fundit-ndryshime-te-papritura-kush-largohet-shef-i-policise-ne-qytetin","status":"publish","type":"post","link":"https:\/\/new.findnews5.com\/?p=4645","title":{"rendered":"LAJM I FUNDIT \u2013 Ndryshime t\u00eb papritura, kush largohet, shef i Policis\u00eb n\u00eb qytetin&#8230;"},"content":{"rendered":"<div class=\"78954ae5fa42b68c1393fe3da4998882\" data-index=\"1\" style=\"float: none; margin:0px 0 0px 0; text-align:center;\">\n<div data-type=\"_mgwidget\" data-widget-id=\"1576712\">\r\n<\/div>\r\n<script>(function(w,q){w[q]=w[q]||[];w[q].push([\"_mgc.load\"])})(window,\"_mgq\");\r\n<\/script>\r\n\n<\/div>\n<p>Mbr\u00ebmjen e sotme jan\u00eb firmosur ndryshime t\u00eb r\u00ebnd\u00ebsishme n\u00eb Policin\u00eb e Shkodr\u00ebs.<\/p>\n<p>Burimet mediatike b\u00ebjn\u00eb me dije se do t\u00eb largohet nga drejtimi i Policis\u00eb s\u00eb kryeqendr\u00ebs s\u00eb vendit, Ervin Hodo, nd\u00ebrsa do t\u00eb pasohet nga Edmond Sula. M\u00ebsohet se Hodo \u00ebsht\u00eb transferuar n\u00eb Tiran\u00eb si drejtor i Krimeve t\u00eb R\u00ebnda n\u00eb drejtorin\u00eb e P\u00ebrgjithshme t\u00eb Policis\u00eb s\u00eb Shtetit.<\/p>\n<p>Nd\u00ebrkoh\u00eb Sulaj pritet q\u00eb dit\u00ebn e nes\u00ebrme t\u00eb prezantohet p\u00ebr efektivet e Shkodr\u00ebs. Hodaj mori drejtimin e Policis\u00eb s\u00eb Shkodr\u00ebs rreth 10 muaj m\u00eb par\u00eb, nd\u00ebrsa duke se ka p\u00ebrmbushur me sukses disa nga misionet kryesore n\u00eb rolin drejtues t\u00eb nj\u00eb prej qarqeve m\u00eb problematike n\u00eb vend.<\/p>\n\n<div style=\"font-size: 0px; height: 0px; line-height: 0px; margin: 0; padding: 0; clear: both;\"><\/div>","protected":false},"excerpt":{"rendered":"<p>Mbr\u00ebmjen e sotme jan\u00eb firmosur ndryshime t\u00eb r\u00ebnd\u00ebsishme n\u00eb Policin\u00eb e Shkodr\u00ebs. Burimet mediatike b\u00ebjn\u00eb me dije se do t\u00eb largohet nga drejtimi i Policis\u00eb s\u00eb kryeqendr\u00ebs&#8230; <\/p>\n","protected":false},"author":1,"featured_media":4646,"comment_status":"open","ping_status":"open","sticky":false,"template":"","format":"standard","meta":{"footnotes":""},"categories":[6],"tags":[],"class_list":["post-4645","post","type-post","status-publish","format-standard","has-post-thumbnail","hentry","category-lajme"],"_links":{"self":[{"href":"https:\/\/new.findnews5.com\/index.php?rest_route=\/wp\/v2\/posts\/4645","targetHints":{"allow":["GET"]}}],"collection":[{"href":"https:\/\/new.findnews5.com\/index.php?rest_route=\/wp\/v2\/posts"}],"about":[{"href":"https:\/\/new.findnews5.com\/index.php?rest_route=\/wp\/v2\/types\/post"}],"author":[{"embeddable":true,"href":"https:\/\/new.findnews5.com\/index.php?rest_route=\/wp\/v2\/users\/1"}],"replies":[{"embeddable":true,"href":"https:\/\/new.findnews5.com\/index.php?rest_route=%2Fwp%2Fv2%2Fcomments&post=4645"}],"version-history":[{"count":0,"href":"https:\/\/new.findnews5.com\/index.php?rest_route=\/wp\/v2\/posts\/4645\/revisions"}],"wp:featuredmedia":[{"embeddable":true,"href":"https:\/\/new.findnews5.com\/index.php?rest_route=\/wp\/v2\/media\/4646"}],"wp:attachment":[{"href":"https:\/\/new.findnews5.com\/index.php?rest_route=%2Fwp%2Fv2%2Fmedia&parent=4645"}],"wp:term":[{"taxonomy":"category","embeddable":true,"href":"https:\/\/new.findnews5.com\/index.php?rest_route=%2Fwp%2Fv2%2Fcategories&post=4645"},{"taxonomy":"post_tag","embeddable":true,"href":"https:\/\/new.findnews5.com\/index.php?rest_route=%2Fwp%2Fv2%2Ftags&post=4645"}],"curies":[{"name":"wp","href":"https:\/\/api.w.org\/{rel}","templated":true}]}}