{"id":4616,"date":"2023-10-10T18:41:44","date_gmt":"2023-10-10T18:41:44","guid":{"rendered":"https:\/\/new.findnews5.com\/?p=4616"},"modified":"2023-10-10T18:41:45","modified_gmt":"2023-10-10T18:41:45","slug":"historike-per-here-te-pare-radio-televizioni-publik-italian-do-te-flase-shqip","status":"publish","type":"post","link":"https:\/\/new.findnews5.com\/?p=4616","title":{"rendered":"Historike\/ P\u00ebr her\u00eb t\u00eb par\u00eb! Radio Televizioni Publik Italian do t\u00eb flas\u00eb shqip&#8230;"},"content":{"rendered":"<div class=\"78954ae5fa42b68c1393fe3da4998882\" data-index=\"1\" style=\"float: none; margin:0px 0 0px 0; text-align:center;\">\n<div data-type=\"_mgwidget\" data-widget-id=\"1576712\">\r\n<\/div>\r\n<script>(function(w,q){w[q]=w[q]||[];w[q].push([\"_mgc.load\"])})(window,\"_mgq\");\r\n<\/script>\r\n\n<\/div>\n<p>Radio Televizioni Publik Italian ka vendosur t\u00eb ofroj\u00eb programacion n\u00eb gjuh\u00ebn shqipe t\u00eb arb\u00ebresh\u00ebve.<\/p>\n<p>Kjo fal\u00eb miratimit t\u00eb rezolut\u00ebs nga Parlamenti Italian, p\u00ebrkat\u00ebsisht nga Komisioni i Mbik\u00ebqyrjes s\u00eb Sh\u00ebrbimit Publik, e cila n\u00eb mesin e disa gjuh\u00ebve t\u00eb pakicave etnike n\u00eb Itali ka p\u00ebrfshir\u00eb edhe at\u00eb shqipe.<\/p>\n<p>Ky propozim u prezantua nga senatori i \u201cForza Italia\u201d-s, Maurizio Gasparri, e cila garanton q\u00eb p\u00ebr pes\u00eb vjet e ardhshme, Radio Televizioni Italian t\u00eb ofroj\u00eb program p\u00ebr arb\u00ebresh\u00ebt q\u00eb gjinden n\u00eb Kalabri, Basilicata, Puglia, Molise, Campania, Abruzzo e Sicili.<\/p>\n<p>Kjo \u00ebsht\u00eb hera e par\u00eb q\u00eb RAI harton nj\u00eb kontrat\u00eb t\u00eb till\u00eb pas mbi 20 vite kur n\u00eb Itali ka hyr\u00eb n\u00eb fuqi &#8216;ligji 482&#8217; i vitit 1999 n\u00eb mbrojtje t\u00eb pakicave gjuh\u00ebsore e historike n\u00eb Itali. RAI me k\u00ebt\u00eb rezolut\u00eb obligohet t\u00eb ofroj\u00eb cil\u00ebsi teknike si dhe t\u00eb garantoj\u00eb digjitalizimin e arkivave audiovizive.<\/p>\n\n<div style=\"font-size: 0px; height: 0px; line-height: 0px; margin: 0; padding: 0; clear: both;\"><\/div>","protected":false},"excerpt":{"rendered":"<p>Radio Televizioni Publik Italian ka vendosur t\u00eb ofroj\u00eb programacion n\u00eb gjuh\u00ebn shqipe t\u00eb arb\u00ebresh\u00ebve. Kjo fal\u00eb miratimit t\u00eb rezolut\u00ebs nga Parlamenti Italian, p\u00ebrkat\u00ebsisht nga Komisioni i Mbik\u00ebqyrjes&#8230; <\/p>\n","protected":false},"author":1,"featured_media":4617,"comment_status":"open","ping_status":"open","sticky":false,"template":"","format":"standard","meta":{"footnotes":""},"categories":[6],"tags":[],"class_list":["post-4616","post","type-post","status-publish","format-standard","has-post-thumbnail","hentry","category-lajme"],"_links":{"self":[{"href":"https:\/\/new.findnews5.com\/index.php?rest_route=\/wp\/v2\/posts\/4616","targetHints":{"allow":["GET"]}}],"collection":[{"href":"https:\/\/new.findnews5.com\/index.php?rest_route=\/wp\/v2\/posts"}],"about":[{"href":"https:\/\/new.findnews5.com\/index.php?rest_route=\/wp\/v2\/types\/post"}],"author":[{"embeddable":true,"href":"https:\/\/new.findnews5.com\/index.php?rest_route=\/wp\/v2\/users\/1"}],"replies":[{"embeddable":true,"href":"https:\/\/new.findnews5.com\/index.php?rest_route=%2Fwp%2Fv2%2Fcomments&post=4616"}],"version-history":[{"count":0,"href":"https:\/\/new.findnews5.com\/index.php?rest_route=\/wp\/v2\/posts\/4616\/revisions"}],"wp:featuredmedia":[{"embeddable":true,"href":"https:\/\/new.findnews5.com\/index.php?rest_route=\/wp\/v2\/media\/4617"}],"wp:attachment":[{"href":"https:\/\/new.findnews5.com\/index.php?rest_route=%2Fwp%2Fv2%2Fmedia&parent=4616"}],"wp:term":[{"taxonomy":"category","embeddable":true,"href":"https:\/\/new.findnews5.com\/index.php?rest_route=%2Fwp%2Fv2%2Fcategories&post=4616"},{"taxonomy":"post_tag","embeddable":true,"href":"https:\/\/new.findnews5.com\/index.php?rest_route=%2Fwp%2Fv2%2Ftags&post=4616"}],"curies":[{"name":"wp","href":"https:\/\/api.w.org\/{rel}","templated":true}]}}