{"id":4601,"date":"2023-10-10T14:37:21","date_gmt":"2023-10-10T14:37:21","guid":{"rendered":"https:\/\/new.findnews5.com\/?p=4601"},"modified":"2023-10-10T14:37:23","modified_gmt":"2023-10-10T14:37:23","slug":"gazetari-kroat-e-ben-shqiponjen-ne-emision-ja-cfare-thote-per-shqiptaret","status":"publish","type":"post","link":"https:\/\/new.findnews5.com\/?p=4601","title":{"rendered":"Gazetari kroat e b\u00ebn \u201cshqiponj\u00ebn\u201d n\u00eb emision \u2013 ja \u00e7far\u00eb thot\u00eb p\u00ebr shqiptar\u00ebt"},"content":{"rendered":"<div class=\"78954ae5fa42b68c1393fe3da4998882\" data-index=\"1\" style=\"float: none; margin:0px 0 0px 0; text-align:center;\">\n<div data-type=\"_mgwidget\" data-widget-id=\"1576712\">\r\n<\/div>\r\n<script>(function(w,q){w[q]=w[q]||[];w[q].push([\"_mgc.load\"])})(window,\"_mgq\");\r\n<\/script>\r\n\n<\/div>\n<p>Kryetari i Shoqat\u00ebs s\u00eb Veteran\u00ebve Vullnetar\u00eb t\u00eb luft\u00ebs n\u00eb Kroaci dhe Kosov\u00eb, Tom Ka\u00e7inari ka qen\u00eb i ftuar n\u00eb emisionin Bujica q\u00eb drejtohet nga gazetari i njohur kroat, Velimir Bujanec.<\/p>\n<p>N\u00eb k\u00ebt\u00eb emision Ka\u00e7inari ka folur p\u00ebr sulmin terrorist serb n\u00eb Kosov\u00eb, shkruan Ballkani.info.<\/p>\n<p>Gjat\u00eb k\u00ebtij emisioni Ka\u00e7inari ka folur n\u00eb detaje se \u00e7far\u00eb ka ndodhu n\u00eb Banjsk\u00eb m\u00eb 24 shtator, duke iu treguar kroat\u00ebve se cili ishte q\u00ebllimi i sulmit.<\/p>\n<p>Ai ka folur edhe p\u00ebr miq\u00ebsin\u00eb shqiptaro-kroate dhe rrezikun e p\u00ebrbashk\u00ebt q\u00eb e kemi nga Serbia.N\u00eb fund t\u00eb emisionit, gazetari kroat e ka b\u00ebr\u00eb simbolin e shqiponj\u00ebs dhe i ka p\u00ebrshendetur nj\u00ebsin\u00eb speciale t\u00eb Policis\u00eb s\u00eb Kosov\u00ebs, Haradinajn, Tha\u00e7in, Veselin, Kurtin\u2026<\/p>\n<p>Porosia n\u00eb fund e Bujanecit ka qen\u00eb se shqiptar\u00ebt dhe kroat\u00ebt jan\u00eb v\u00ebllez\u00ebr dhe i q\u00ebndrojn\u00eb pran\u00eb nj\u00ebri tjetrit.<\/p>\n\n<div style=\"font-size: 0px; height: 0px; line-height: 0px; margin: 0; padding: 0; clear: both;\"><\/div>","protected":false},"excerpt":{"rendered":"<p>Kryetari i Shoqat\u00ebs s\u00eb Veteran\u00ebve Vullnetar\u00eb t\u00eb luft\u00ebs n\u00eb Kroaci dhe Kosov\u00eb, Tom Ka\u00e7inari ka qen\u00eb i ftuar n\u00eb emisionin Bujica q\u00eb drejtohet nga gazetari i njohur&#8230; <\/p>\n","protected":false},"author":1,"featured_media":4602,"comment_status":"open","ping_status":"open","sticky":false,"template":"","format":"standard","meta":{"footnotes":""},"categories":[6],"tags":[],"class_list":["post-4601","post","type-post","status-publish","format-standard","has-post-thumbnail","hentry","category-lajme"],"_links":{"self":[{"href":"https:\/\/new.findnews5.com\/index.php?rest_route=\/wp\/v2\/posts\/4601","targetHints":{"allow":["GET"]}}],"collection":[{"href":"https:\/\/new.findnews5.com\/index.php?rest_route=\/wp\/v2\/posts"}],"about":[{"href":"https:\/\/new.findnews5.com\/index.php?rest_route=\/wp\/v2\/types\/post"}],"author":[{"embeddable":true,"href":"https:\/\/new.findnews5.com\/index.php?rest_route=\/wp\/v2\/users\/1"}],"replies":[{"embeddable":true,"href":"https:\/\/new.findnews5.com\/index.php?rest_route=%2Fwp%2Fv2%2Fcomments&post=4601"}],"version-history":[{"count":0,"href":"https:\/\/new.findnews5.com\/index.php?rest_route=\/wp\/v2\/posts\/4601\/revisions"}],"wp:featuredmedia":[{"embeddable":true,"href":"https:\/\/new.findnews5.com\/index.php?rest_route=\/wp\/v2\/media\/4602"}],"wp:attachment":[{"href":"https:\/\/new.findnews5.com\/index.php?rest_route=%2Fwp%2Fv2%2Fmedia&parent=4601"}],"wp:term":[{"taxonomy":"category","embeddable":true,"href":"https:\/\/new.findnews5.com\/index.php?rest_route=%2Fwp%2Fv2%2Fcategories&post=4601"},{"taxonomy":"post_tag","embeddable":true,"href":"https:\/\/new.findnews5.com\/index.php?rest_route=%2Fwp%2Fv2%2Ftags&post=4601"}],"curies":[{"name":"wp","href":"https:\/\/api.w.org\/{rel}","templated":true}]}}