{"id":4590,"date":"2023-10-10T10:58:36","date_gmt":"2023-10-10T10:58:36","guid":{"rendered":"https:\/\/new.findnews5.com\/?p=4590"},"modified":"2023-10-10T10:58:37","modified_gmt":"2023-10-10T10:58:37","slug":"edmond-smajli-eshte-piloti-i-pare-shqiptar-i-forcave-ajrore-te-shba-ve","status":"publish","type":"post","link":"https:\/\/new.findnews5.com\/?p=4590","title":{"rendered":"Edmond Smajli, \u00ebsht\u00eb piloti i par\u00eb shqiptar i forcave ajrore t\u00eb SHBA-ve"},"content":{"rendered":"<div class=\"78954ae5fa42b68c1393fe3da4998882\" data-index=\"1\" style=\"float: none; margin:0px 0 0px 0; text-align:center;\">\n<div data-type=\"_mgwidget\" data-widget-id=\"1576712\">\r\n<\/div>\r\n<script>(function(w,q){w[q]=w[q]||[];w[q].push([\"_mgc.load\"])})(window,\"_mgq\");\r\n<\/script>\r\n\n<\/div>\n<p>Edmond Smajli, \u00ebsht\u00eb piloti i par\u00eb shqiptar i forcave ajrore t\u00eb Shteteve t\u00eb Bashkuara t\u00eb Amerik\u00ebs.<\/p>\n<p>Smajli n\u00eb nj\u00eb intervist\u00eb p\u00ebr Edicionin Special n\u00eb Klan Kosova ka treguar se si i lindi ideja p\u00ebr t\u00eb qen\u00eb pilot luftarak.<\/p>\n<p>\u201cE kemi pasur nj\u00eb klient n\u00eb restorantin ton\u00eb, ai e ka pasur aeroplanin e vet. Un\u00eb n\u00eb at\u00eb koh\u00eb kam qen\u00eb 15-vje\u00e7ar, kur kam filluar t\u00eb pilotoj dhe pak nga pak ia kam arritur\u201d, tha Smajli<\/p>\n<p>Ai thot\u00eb se me krenari e mban uniform\u00ebn e ushtris\u00eb amerikane.<\/p>\n\n<div style=\"font-size: 0px; height: 0px; line-height: 0px; margin: 0; padding: 0; clear: both;\"><\/div>","protected":false},"excerpt":{"rendered":"<p>Edmond Smajli, \u00ebsht\u00eb piloti i par\u00eb shqiptar i forcave ajrore t\u00eb Shteteve t\u00eb Bashkuara t\u00eb Amerik\u00ebs. Smajli n\u00eb nj\u00eb intervist\u00eb p\u00ebr Edicionin Special n\u00eb Klan Kosova ka&#8230; <\/p>\n","protected":false},"author":1,"featured_media":4591,"comment_status":"open","ping_status":"open","sticky":false,"template":"","format":"standard","meta":{"footnotes":""},"categories":[6],"tags":[],"class_list":["post-4590","post","type-post","status-publish","format-standard","has-post-thumbnail","hentry","category-lajme"],"_links":{"self":[{"href":"https:\/\/new.findnews5.com\/index.php?rest_route=\/wp\/v2\/posts\/4590","targetHints":{"allow":["GET"]}}],"collection":[{"href":"https:\/\/new.findnews5.com\/index.php?rest_route=\/wp\/v2\/posts"}],"about":[{"href":"https:\/\/new.findnews5.com\/index.php?rest_route=\/wp\/v2\/types\/post"}],"author":[{"embeddable":true,"href":"https:\/\/new.findnews5.com\/index.php?rest_route=\/wp\/v2\/users\/1"}],"replies":[{"embeddable":true,"href":"https:\/\/new.findnews5.com\/index.php?rest_route=%2Fwp%2Fv2%2Fcomments&post=4590"}],"version-history":[{"count":0,"href":"https:\/\/new.findnews5.com\/index.php?rest_route=\/wp\/v2\/posts\/4590\/revisions"}],"wp:featuredmedia":[{"embeddable":true,"href":"https:\/\/new.findnews5.com\/index.php?rest_route=\/wp\/v2\/media\/4591"}],"wp:attachment":[{"href":"https:\/\/new.findnews5.com\/index.php?rest_route=%2Fwp%2Fv2%2Fmedia&parent=4590"}],"wp:term":[{"taxonomy":"category","embeddable":true,"href":"https:\/\/new.findnews5.com\/index.php?rest_route=%2Fwp%2Fv2%2Fcategories&post=4590"},{"taxonomy":"post_tag","embeddable":true,"href":"https:\/\/new.findnews5.com\/index.php?rest_route=%2Fwp%2Fv2%2Ftags&post=4590"}],"curies":[{"name":"wp","href":"https:\/\/api.w.org\/{rel}","templated":true}]}}