{"id":4587,"date":"2023-10-10T10:54:11","date_gmt":"2023-10-10T10:54:11","guid":{"rendered":"https:\/\/new.findnews5.com\/?p=4587"},"modified":"2023-10-10T10:54:12","modified_gmt":"2023-10-10T10:54:12","slug":"ai-luan-bixhoz-foli-per-ndarjen-getinjo-i-pergjigjet-vivienit-e-dija-qe-je-fiks-keshtu","status":"publish","type":"post","link":"https:\/\/new.findnews5.com\/?p=4587","title":{"rendered":"\u201cAi luan bixhoz\u201d, foli p\u00ebr ndarjen, Getinjo i p\u00ebrgjigjet Vivienit: E dija q\u00eb je fiks k\u00ebshtu\u2026"},"content":{"rendered":"<div class=\"78954ae5fa42b68c1393fe3da4998882\" data-index=\"1\" style=\"float: none; margin:0px 0 0px 0; text-align:center;\">\n<div data-type=\"_mgwidget\" data-widget-id=\"1576712\">\r\n<\/div>\r\n<script>(function(w,q){w[q]=w[q]||[];w[q].push([\"_mgc.load\"])})(window,\"_mgq\");\r\n<\/script>\r\n\n<\/div>\n<p>Vivien Thano, n\u00eb nj\u00eb intervist\u00eb p\u00ebr \u2018Mos i bjer me Top\u2019 \u00ebsht\u00eb shprehur se arsyeja e ndarjes nga Getinjo lidhej pik\u00ebrisht me faktin se sipas saj, reperi ishte i varur nga loj\u00ebrat e fatit.<\/p>\n<p>\u201cJam ndar\u00eb me Getin jo p\u00ebr shkak t\u00eb ndonj\u00eb sherri t\u00eb madh ose t\u00eb nj\u00eb tradhtie.<\/p>\n<p>Nj\u00eb arsye q\u00eb kishte koh\u00eb q\u00eb ishte pjes\u00eb, ishte nj\u00eb gabim ose nj\u00eb fiksim i tij me nj\u00eb gj\u00eb t\u00eb jet\u00ebs q\u00eb un\u00eb e d\u00ebnoj shum\u00eb personalisht, q\u00eb jan\u00eb loj\u00ebrat e fatit edhe q\u00eb shkat\u00ebrron \u00e7do familje.\u00c7do lidhje, \u00e7do marr\u00ebdh\u00ebnie q\u00eb nj\u00eb njeri mund t\u00eb ket\u00eb me tjetrin. Mua m\u00eb vjen shum\u00eb keq, sepse\u2026\u201d, tha e p\u00ebrlotur Vivien.<\/p>\n<p>I menj\u00ebhersh\u00ebm ka qen\u00eb edhe reagimi i Getinjos, q\u00eb n\u00eb disa postime n\u00eb Instagram pranoi se luan bixhoz, por q\u00eb kjo nuk ka ndikuar asnj\u00ebher\u00eb n\u00eb marr\u00ebdh\u00ebnien e tij me t\u00eb tjer\u00ebt.<\/p>\n<p>Nuk ka mjaftuar me kaq dhe raperi ka vazhduar reagimet edhe me komente n\u00eb postimin e faqes zyrtare t\u00eb E diel n\u00eb Top Chanel, n\u00eb Instagram posht\u00eb videos s\u00eb Vivit.<\/p>\n<p>Aty ai tha se arsyeja e ndarjes ishte di\u00e7ka tjet\u00ebr dhe jo bixhozi:<\/p>\n<p>Jemi nda p\u00ebr arsye tjera. Bixhoz luaj q\u00eb 15 vjet mos gjeste t\u00eb k\u00ebtij lloji sepse nuk mund t\u00eb ma njollos askush respektin tim q\u00eb e kam p\u00ebr t\u00eb tjer\u00ebt. Un\u00eb mund t\u00eb mos kem respekt p\u00ebr veten time, por p\u00ebr t\u00eb tjer\u00ebt jap gjith\u00e7ka gjithmon\u00eb. E dija q\u00eb je fiks k\u00ebshtu, prandaj edhe nuk jemi (bashk\u00eb). Mos t\u00eb dhemb q\u00eb nuk t\u00eb funksionoi plani zemra sepse me intervista t\u00eb tilla ma konfirmon q\u00eb v\u00ebrtet\u00eb paskam gabuar q\u00eb t\u00eb ka dashur dhe t\u00eb kam njoftuar me familjen. Shiko jet\u00ebn p\u00ebrpara dhe m\u00eb l\u00eb rehat. Paqe<\/p>\n\n<div style=\"font-size: 0px; height: 0px; line-height: 0px; margin: 0; padding: 0; clear: both;\"><\/div>","protected":false},"excerpt":{"rendered":"<p>Vivien Thano, n\u00eb nj\u00eb intervist\u00eb p\u00ebr \u2018Mos i bjer me Top\u2019 \u00ebsht\u00eb shprehur se arsyeja e ndarjes nga Getinjo lidhej pik\u00ebrisht me faktin se sipas saj, reperi&#8230; <\/p>\n","protected":false},"author":1,"featured_media":4588,"comment_status":"open","ping_status":"open","sticky":false,"template":"","format":"standard","meta":{"footnotes":""},"categories":[6],"tags":[],"class_list":["post-4587","post","type-post","status-publish","format-standard","has-post-thumbnail","hentry","category-lajme"],"_links":{"self":[{"href":"https:\/\/new.findnews5.com\/index.php?rest_route=\/wp\/v2\/posts\/4587","targetHints":{"allow":["GET"]}}],"collection":[{"href":"https:\/\/new.findnews5.com\/index.php?rest_route=\/wp\/v2\/posts"}],"about":[{"href":"https:\/\/new.findnews5.com\/index.php?rest_route=\/wp\/v2\/types\/post"}],"author":[{"embeddable":true,"href":"https:\/\/new.findnews5.com\/index.php?rest_route=\/wp\/v2\/users\/1"}],"replies":[{"embeddable":true,"href":"https:\/\/new.findnews5.com\/index.php?rest_route=%2Fwp%2Fv2%2Fcomments&post=4587"}],"version-history":[{"count":0,"href":"https:\/\/new.findnews5.com\/index.php?rest_route=\/wp\/v2\/posts\/4587\/revisions"}],"wp:featuredmedia":[{"embeddable":true,"href":"https:\/\/new.findnews5.com\/index.php?rest_route=\/wp\/v2\/media\/4588"}],"wp:attachment":[{"href":"https:\/\/new.findnews5.com\/index.php?rest_route=%2Fwp%2Fv2%2Fmedia&parent=4587"}],"wp:term":[{"taxonomy":"category","embeddable":true,"href":"https:\/\/new.findnews5.com\/index.php?rest_route=%2Fwp%2Fv2%2Fcategories&post=4587"},{"taxonomy":"post_tag","embeddable":true,"href":"https:\/\/new.findnews5.com\/index.php?rest_route=%2Fwp%2Fv2%2Ftags&post=4587"}],"curies":[{"name":"wp","href":"https:\/\/api.w.org\/{rel}","templated":true}]}}