{"id":4583,"date":"2023-10-09T10:32:23","date_gmt":"2023-10-09T10:32:23","guid":{"rendered":"https:\/\/new.findnews5.com\/?p=4583"},"modified":"2023-10-09T10:32:25","modified_gmt":"2023-10-09T10:32:25","slug":"habit-ylli-manjani-u-deshen-nje-pale-cica-qe-nuk-konkurroj-dot-me-audiencen-e-cicave","status":"publish","type":"post","link":"https:\/\/new.findnews5.com\/?p=4583","title":{"rendered":"Habit Ylli Manjani: \u201cU desh\u00ebn nj\u00eb pal\u00eb c\u2019ica q\u00eb..Nuk konkurroj dot me audienc\u00ebn e c\u2019icave\u201d"},"content":{"rendered":"<div class=\"78954ae5fa42b68c1393fe3da4998882\" data-index=\"1\" style=\"float: none; margin:0px 0 0px 0; text-align:center;\">\n<div data-type=\"_mgwidget\" data-widget-id=\"1576712\">\r\n<\/div>\r\n<script>(function(w,q){w[q]=w[q]||[];w[q].push([\"_mgc.load\"])})(window,\"_mgq\");\r\n<\/script>\r\n\n<\/div>\n<p>Manjani diskuton p\u00ebr ndikimin negativ t\u00eb publikimit t\u00eb materialeve hetimore dhe t\u00eb dh\u00ebnave personale n\u00eb media dhe rrjete sociale.<\/p>\n<p>Ai shpreh shqet\u00ebsim p\u00ebr faktin q\u00eb kjo praktik\u00eb po ndikon n\u00eb procesin e hetimit. Gjithashtu, ai thekson se disa her\u00eb nuk i \u00ebsht\u00eb dh\u00ebn\u00eb akses n\u00eb materialet hetimore n\u00eb gjyq duke u arsyetuar se jan\u00eb sekrete, megjith\u00ebse k\u00ebto t\u00eb dh\u00ebna jan\u00eb b\u00ebr\u00eb publike n\u00eb media. Ky fenomen po ndikon n\u00eb besimin n\u00eb drejt\u00ebsi dhe ka shkaktuar tensione dhe p\u00ebrplasje midis familjeve t\u00eb personave t\u00eb akuzuar.<\/p>\n<p>Ylli Manjani thot\u00eb se pjesa e madhe e \u201cgjykat\u00ebsve popullor\u00eb\u201d po shesin moral dhe k\u00ebrkojn\u00eb llogari p\u00ebr sh\u00ebrbimin e avokatis\u00eb profesionale.<\/p>\n<p>Statusi i plot\u00eb shkruan nga Manjani<\/p>\n<p>K\u0251m k\u0251q koh\u00eb q\u00eb them, m\u0251dje me ne\u027ev, se nxje\u027e\u027ej\u0251 e m\u0251te\u027ei\u0251leve hetimo\u027ee, c\u0251 m\u00eb keq \u0251kom\u0251 e t\u00eb dhln\u0251ve \u03c1e\u027eson\u0251le, n\u00eb \u03c1\u0251z\u0251\u027e \u00ebsht\u00eb shk\u0251t\u00eb\u027e\u027eim i hetimeve dhe nxitje e gjyqeve \u03c1o\u03c1\u03c5llo\u027ee kom\u03c5niste.<\/p>\n<p>\u00cbsht\u00eb dh\u03c5nim i \u03c1\u0251st\u00eb\u027e i t\u00eb d\u027eejt\u0251ve k\u03c5shtet\u03c5ese.<\/p>\n<p>M\u0251dje, n\u0251 k\u0251 ndodh\u03c5\u027e q\u00eb n\u00eb s\u0251ll\u00ebn e gjyqit n\u03c5k n\u0251 \u00ebsht\u00eb dh\u00ebn\u00eb \u0251kses n\u00eb m\u0251te\u027ei\u0251le hetimo\u027ee, si\u00e7 k\u00eb\u027ekon ligji, me \u0251\u027esyetimin se j\u0251n\u00eb sek\u027eet, k\u03c5\u027e t\u00eb dh\u00ebn\u0251t e m\u0251te\u027ei\u0251let e dosjes sek\u027eete i gjen n\u00eb medi\u0251. Me to m\u0251dje b\u00ebhen edhe emisione, q\u00eb t\u00eb nxitet d\u027eejt\u00ebsi\u0251 \u03c1o\u03c1\u03c5llo\u027ee n\u00eb ekst\u027eem.<\/p>\n<p>Ask\u03c5sh n\u03c5k do t\u00eb dij\u00eb se, \u0251t\u0251 q\u00eb i hidhen t\u03c5\u027em\u0251ve \u03c1\u00eb\u027e gjykim j\u0251n\u00eb nje\u027e\u00ebz e k\u0251n\u00eb t\u00eb d\u027eejt\u0251. Ask\u03c5sh n\u03c5k do t\u00eb dij\u00eb \u03c1\u00eb\u027e ng\u0251t\u00eb\u027e\u027ees\u0251t e she\u027e\u027eet q\u00eb f\u03c5ten midis f\u0251miljeve t\u00eb \u201ct\u00eb gjyk\u03c5\u0251\u027eve ng\u0251 \u03c1o\u03c1\u03c5lli\u201d.<\/p>\n<p>Nj\u00eb \u03c1jes\u00eb e mi\u027e\u00eb e \u201cgjyk\u0251t\u00ebsve \u03c1o\u03c1\u03c5llo\u027e\u00eb\u201d shesin dhe mo\u027e\u0251l f\u0251lls d\u03c5ke k\u00eb\u027ek\u03c5\u0251\u027e hes\u0251\u03c1 edhe \u03c1\u00eb\u027e sh\u00eb\u027ebimin e \u0251vok\u0251tis\u00eb \u03c1\u027eofesion\u0251le q\u00eb \u00e7dok\u03c5sh k\u0251 t\u00eb d\u027eejt\u00eb t\u0251 ket\u00eb.<\/p>\n<p>T\u00eb gjith\u0251 k\u00ebto kemi koh\u00eb q\u00eb i themi. Po\u027e \u03c5 desh\u00ebn nj\u00eb \u03c1\u0251l\u00eb c\u2019ic\u0251 t\u00eb sh\u03c1\u00eb\u027end\u0251\u027e\u0251 n\u00eb\u03c1\u00eb\u027e telefon\u0251t e nje\u027e\u00ebzve q\u00eb t\u00eb k\u03c5jtohen nje\u027e\u00ebzi\u0251 se n\u03c5k \u00ebsht\u00eb no\u027em\u0251le t\u00eb nxi\u027e\u027een k\u00ebto gj\u00eb\u027e\u0251\u2026<\/p>\n<p>N\u03c5k konk\u03c5\u027e\u027eoj dot me \u0251\u03c5dienc\u00ebn e c\u2019ic\u0251ve, \u03c1o\u027e \u03c1\u00eb\u027e\u03c1iq\u03c5ni t\u00eb k\u03c5\u03c1toni se \u00e7do nje\u027ei i gj\u0251ll\u00eb n\u00eb k\u00ebt\u00eb tok\u00eb g\u00ebzon li\u027ei dhe t\u00eb d\u027eejt\u0251, \u03c1\u0251v\u0251\u027e\u00ebsht se \u00e7f\u0251\u027e\u00eb k\u0251 b\u00eb\u027e\u00eb n\u00eb jet\u00eb.<\/p>\n<p>D\u027eejt\u00ebsi\u0251 \u03c1o\u03c1\u03c5llo\u027ee \u00ebsht\u00eb fl\u0251m\u00eb.<\/p>\n\n<div style=\"font-size: 0px; height: 0px; line-height: 0px; margin: 0; padding: 0; clear: both;\"><\/div>","protected":false},"excerpt":{"rendered":"<p>Manjani diskuton p\u00ebr ndikimin negativ t\u00eb publikimit t\u00eb materialeve hetimore dhe t\u00eb dh\u00ebnave personale n\u00eb media dhe rrjete sociale. Ai shpreh shqet\u00ebsim p\u00ebr faktin q\u00eb kjo praktik\u00eb&#8230; <\/p>\n","protected":false},"author":1,"featured_media":4584,"comment_status":"open","ping_status":"open","sticky":false,"template":"","format":"standard","meta":{"footnotes":""},"categories":[6],"tags":[],"class_list":["post-4583","post","type-post","status-publish","format-standard","has-post-thumbnail","hentry","category-lajme"],"_links":{"self":[{"href":"https:\/\/new.findnews5.com\/index.php?rest_route=\/wp\/v2\/posts\/4583","targetHints":{"allow":["GET"]}}],"collection":[{"href":"https:\/\/new.findnews5.com\/index.php?rest_route=\/wp\/v2\/posts"}],"about":[{"href":"https:\/\/new.findnews5.com\/index.php?rest_route=\/wp\/v2\/types\/post"}],"author":[{"embeddable":true,"href":"https:\/\/new.findnews5.com\/index.php?rest_route=\/wp\/v2\/users\/1"}],"replies":[{"embeddable":true,"href":"https:\/\/new.findnews5.com\/index.php?rest_route=%2Fwp%2Fv2%2Fcomments&post=4583"}],"version-history":[{"count":0,"href":"https:\/\/new.findnews5.com\/index.php?rest_route=\/wp\/v2\/posts\/4583\/revisions"}],"wp:featuredmedia":[{"embeddable":true,"href":"https:\/\/new.findnews5.com\/index.php?rest_route=\/wp\/v2\/media\/4584"}],"wp:attachment":[{"href":"https:\/\/new.findnews5.com\/index.php?rest_route=%2Fwp%2Fv2%2Fmedia&parent=4583"}],"wp:term":[{"taxonomy":"category","embeddable":true,"href":"https:\/\/new.findnews5.com\/index.php?rest_route=%2Fwp%2Fv2%2Fcategories&post=4583"},{"taxonomy":"post_tag","embeddable":true,"href":"https:\/\/new.findnews5.com\/index.php?rest_route=%2Fwp%2Fv2%2Ftags&post=4583"}],"curies":[{"name":"wp","href":"https:\/\/api.w.org\/{rel}","templated":true}]}}