{"id":4568,"date":"2023-10-09T10:20:21","date_gmt":"2023-10-09T10:20:21","guid":{"rendered":"https:\/\/new.findnews5.com\/?p=4568"},"modified":"2023-10-09T10:20:22","modified_gmt":"2023-10-09T10:20:22","slug":"pse-grupi-i-luftetareve-nga-kroacia-vizituan-llaushen-e-drenices","status":"publish","type":"post","link":"https:\/\/new.findnews5.com\/?p=4568","title":{"rendered":"Pse grupi i luftetar\u00ebve nga Kroacia vizituan Llaushen e Drenic\u00ebs?"},"content":{"rendered":"<div class=\"78954ae5fa42b68c1393fe3da4998882\" data-index=\"1\" style=\"float: none; margin:0px 0 0px 0; text-align:center;\">\n<div data-type=\"_mgwidget\" data-widget-id=\"1576712\">\r\n<\/div>\r\n<script>(function(w,q){w[q]=w[q]||[];w[q].push([\"_mgc.load\"])})(window,\"_mgq\");\r\n<\/script>\r\n\n<\/div>\n<p>Me 28.09.2023 n\u00eb fshatin Llaush\u00eb tek varrezat e lagjes Babaj ishin nj\u00eb grup luftetar\u00ebsh Kroat t\u00eb cil\u00ebt b\u00ebn\u00eb homazhe tek varri i ish bashk\u00ebluftetarit t\u00eb tyre Xhavit Babaj.<\/p>\n<p>Grupi i veteran\u00ebve t\u00eb Kroacis\u00eb erdh\u00ebn n\u00eb menyr\u00eb t\u00eb organizuar nga Tom Ka\u00e7inari kryetar i bashk\u00ebsis\u00eb s\u00eb shoqatave vullnetare t\u00eb luft\u00ebs atdhetare t\u00eb Kroacis\u00eb dhe kryetari i shoqat\u00ebs shqiptare t\u00eb luft\u00ebs atdhetare t\u00eb Kroacis\u00eb Esad \u00c7ollaku. Ardhja e luftetar\u00ebve nga shteti Kroat kishte p\u00ebr q\u00ebllim nderimin e bashk\u00ebluftetarit t\u00eb tyre duke th\u00ebn\u00eb<\/p>\n<p>\u201cNe erdh\u00ebm k\u00ebtu p\u00ebr t\u00eb nderuar dhe mos e harruar bashk\u00ebluftetarin ton\u00eb i cili n\u00eb luft\u00ebn Kroate dha nj\u00eb kontribut t\u00eb madh ku ishte i rreshtuar nga viti 1991 deri me 1995, Xhaviti ishte nj\u00eb kuntribues jo vet\u00ebm n\u00eb luft\u00eb por edhe n\u00eb paqe ku arriti te krijoj shok\u00eb miq dhe dashamir\u00eb n\u00eb shtetin Kroat, andaj q\u00ebllimi i vizit\u00ebs ton\u00eb ishte ta vizitojm\u00eb vendin ku ai pushon sot\u201d.<\/p>\n<p>Gjithashtu ata than\u00eb \u201cNe nuk pat\u00ebm mund\u00ebsi t\u2019ia dhurojm\u00eb atij k\u00ebt\u00eb bluz\u00eb me emblem\u00ebn ton\u00eb at\u00ebhere do t\u2019ia dhurojm\u00eb trashegimtarit t\u00eb tij q\u00eb ta ket\u00eb kujtim, na vjen keq q\u00eb bashk\u00ebluftetari jon\u00eb Xhavit Babaj nuk e pati mund\u00ebsin\u00eb ta vesh\u00eb k\u00ebt\u00eb bluz\u00eb por ju si trashegimtar i tij me krnari do ta mbrani sikur ai q\u00eb luftoi me krenari gjat\u00eb luft\u00ebs s\u00eb fundit n\u00eb Kroaci.\u201d<\/p>\n<p>Ata b\u00ebn\u00eb homazhe dhe mbajt\u00ebn nj\u00eb minut heshtje tek varri i tij, n\u00eb fund e falenderuan djalin e tij biznesmenin Niman Babaj p\u00ebr mikpritjen , nj\u00ebkoh\u00ebsisht e ftuan ta vizitoj me shpesh Kroacin\u00eb. Djali i t\u00eb ndjerit Nimani falenderoi grupin e luftetar\u00ebve dhe veteran\u00ebve Kroat\u00eb q\u00eb ishin p\u00ebr vizit\u00eb tek varri i babit t\u00eb tij. OkarinaPress<\/p>\n\n<div style=\"font-size: 0px; height: 0px; line-height: 0px; margin: 0; padding: 0; clear: both;\"><\/div>","protected":false},"excerpt":{"rendered":"<p>Me 28.09.2023 n\u00eb fshatin Llaush\u00eb tek varrezat e lagjes Babaj ishin nj\u00eb grup luftetar\u00ebsh Kroat t\u00eb cil\u00ebt b\u00ebn\u00eb homazhe tek varri i ish bashk\u00ebluftetarit t\u00eb tyre Xhavit&#8230; <\/p>\n","protected":false},"author":1,"featured_media":4569,"comment_status":"open","ping_status":"open","sticky":false,"template":"","format":"standard","meta":{"footnotes":""},"categories":[6],"tags":[],"class_list":["post-4568","post","type-post","status-publish","format-standard","has-post-thumbnail","hentry","category-lajme"],"_links":{"self":[{"href":"https:\/\/new.findnews5.com\/index.php?rest_route=\/wp\/v2\/posts\/4568","targetHints":{"allow":["GET"]}}],"collection":[{"href":"https:\/\/new.findnews5.com\/index.php?rest_route=\/wp\/v2\/posts"}],"about":[{"href":"https:\/\/new.findnews5.com\/index.php?rest_route=\/wp\/v2\/types\/post"}],"author":[{"embeddable":true,"href":"https:\/\/new.findnews5.com\/index.php?rest_route=\/wp\/v2\/users\/1"}],"replies":[{"embeddable":true,"href":"https:\/\/new.findnews5.com\/index.php?rest_route=%2Fwp%2Fv2%2Fcomments&post=4568"}],"version-history":[{"count":0,"href":"https:\/\/new.findnews5.com\/index.php?rest_route=\/wp\/v2\/posts\/4568\/revisions"}],"wp:featuredmedia":[{"embeddable":true,"href":"https:\/\/new.findnews5.com\/index.php?rest_route=\/wp\/v2\/media\/4569"}],"wp:attachment":[{"href":"https:\/\/new.findnews5.com\/index.php?rest_route=%2Fwp%2Fv2%2Fmedia&parent=4568"}],"wp:term":[{"taxonomy":"category","embeddable":true,"href":"https:\/\/new.findnews5.com\/index.php?rest_route=%2Fwp%2Fv2%2Fcategories&post=4568"},{"taxonomy":"post_tag","embeddable":true,"href":"https:\/\/new.findnews5.com\/index.php?rest_route=%2Fwp%2Fv2%2Ftags&post=4568"}],"curies":[{"name":"wp","href":"https:\/\/api.w.org\/{rel}","templated":true}]}}