{"id":4546,"date":"2023-10-08T21:39:43","date_gmt":"2023-10-08T21:39:43","guid":{"rendered":"https:\/\/new.findnews5.com\/?p=4546"},"modified":"2023-10-08T21:39:44","modified_gmt":"2023-10-08T21:39:44","slug":"zbuten-gjakrat-rama-pret-ne-zyre-ministrin-e-jashtem-grek","status":"publish","type":"post","link":"https:\/\/new.findnews5.com\/?p=4546","title":{"rendered":"\u201cZbuten gjakrat\u201d, Rama pret n\u00eb zyr\u00eb ministrin e Jasht\u00ebm grek"},"content":{"rendered":"<div class=\"78954ae5fa42b68c1393fe3da4998882\" data-index=\"1\" style=\"float: none; margin:0px 0 0px 0; text-align:center;\">\n<div data-type=\"_mgwidget\" data-widget-id=\"1576712\">\r\n<\/div>\r\n<script>(function(w,q){w[q]=w[q]||[];w[q].push([\"_mgc.load\"])})(window,\"_mgq\");\r\n<\/script>\r\n\n<\/div>\n<p>Kryeministri Edi Rama ka pritur k\u00ebt\u00eb t\u00eb premte n\u00eb Kryeministri, ministrin e Jasht\u00ebm grek, Giorgos Gerapetritis. Ky i fundit ndodhet n\u00eb Tiran\u00eb n\u00eb kuad\u00ebr t\u00eb samitit t\u00eb ministrave t\u00eb Jasht\u00ebm t\u00eb Ballkanit Per\u00ebndimor.<\/p>\n<p>Takimi vjen n\u00eb kulmin e tensioneve mes Tiran\u00ebs dhe Athin\u00ebs. Shkak \u00ebsht\u00eb b\u00ebr\u00eb arrestimi i Fredi Belerit. Athina akuzon Edi Ram\u00ebn se qendron pas arrestimit t\u00eb Belerit dhe k\u00ebrkon nga kryeministri shqiptar, q\u00eb t\u00eb urdh\u00ebroj\u00eb lirimin e tij.<\/p>\n<p>Rama nga ana tjet\u00ebr, \u00ebsht\u00eb p\u00ebrgjigjur se nuk ka asnj\u00eb ndikim dhe asnj\u00eb fuqi p\u00ebr t\u00eb ndikuar as n\u00eb arrestimin e Belerit, dhe as n\u00eb lirimin e tij.<\/p>\n\n<div style=\"font-size: 0px; height: 0px; line-height: 0px; margin: 0; padding: 0; clear: both;\"><\/div>","protected":false},"excerpt":{"rendered":"<p>Kryeministri Edi Rama ka pritur k\u00ebt\u00eb t\u00eb premte n\u00eb Kryeministri, ministrin e Jasht\u00ebm grek, Giorgos Gerapetritis. Ky i fundit ndodhet n\u00eb Tiran\u00eb n\u00eb kuad\u00ebr t\u00eb samitit t\u00eb&#8230; <\/p>\n","protected":false},"author":1,"featured_media":4547,"comment_status":"open","ping_status":"open","sticky":false,"template":"","format":"standard","meta":{"footnotes":""},"categories":[6],"tags":[],"class_list":["post-4546","post","type-post","status-publish","format-standard","has-post-thumbnail","hentry","category-lajme"],"_links":{"self":[{"href":"https:\/\/new.findnews5.com\/index.php?rest_route=\/wp\/v2\/posts\/4546","targetHints":{"allow":["GET"]}}],"collection":[{"href":"https:\/\/new.findnews5.com\/index.php?rest_route=\/wp\/v2\/posts"}],"about":[{"href":"https:\/\/new.findnews5.com\/index.php?rest_route=\/wp\/v2\/types\/post"}],"author":[{"embeddable":true,"href":"https:\/\/new.findnews5.com\/index.php?rest_route=\/wp\/v2\/users\/1"}],"replies":[{"embeddable":true,"href":"https:\/\/new.findnews5.com\/index.php?rest_route=%2Fwp%2Fv2%2Fcomments&post=4546"}],"version-history":[{"count":0,"href":"https:\/\/new.findnews5.com\/index.php?rest_route=\/wp\/v2\/posts\/4546\/revisions"}],"wp:featuredmedia":[{"embeddable":true,"href":"https:\/\/new.findnews5.com\/index.php?rest_route=\/wp\/v2\/media\/4547"}],"wp:attachment":[{"href":"https:\/\/new.findnews5.com\/index.php?rest_route=%2Fwp%2Fv2%2Fmedia&parent=4546"}],"wp:term":[{"taxonomy":"category","embeddable":true,"href":"https:\/\/new.findnews5.com\/index.php?rest_route=%2Fwp%2Fv2%2Fcategories&post=4546"},{"taxonomy":"post_tag","embeddable":true,"href":"https:\/\/new.findnews5.com\/index.php?rest_route=%2Fwp%2Fv2%2Ftags&post=4546"}],"curies":[{"name":"wp","href":"https:\/\/api.w.org\/{rel}","templated":true}]}}