{"id":4539,"date":"2023-10-08T12:58:29","date_gmt":"2023-10-08T12:58:29","guid":{"rendered":"https:\/\/new.findnews5.com\/?p=4539"},"modified":"2023-10-08T12:58:30","modified_gmt":"2023-10-08T12:58:30","slug":"cako-ben-paralajmerin-e-papritur-semundja-u-hodh-sot-nga-avionet-pas-3-4-ditesh-spitalet-do-te-jene-plot","status":"publish","type":"post","link":"https:\/\/new.findnews5.com\/?p=4539","title":{"rendered":"Cako b\u00ebn paralajm\u00ebrin e papritur: S\u00ebmundja u hodh sot nga avion\u00ebt, pas 3-4 dit\u00ebsh spitalet do te jene plot.."},"content":{"rendered":"<div class=\"78954ae5fa42b68c1393fe3da4998882\" data-index=\"1\" style=\"float: none; margin:0px 0 0px 0; text-align:center;\">\n<div data-type=\"_mgwidget\" data-widget-id=\"1576712\">\r\n<\/div>\r\n<script>(function(w,q){w[q]=w[q]||[];w[q].push([\"_mgc.load\"])})(window,\"_mgq\");\r\n<\/script>\r\n\n<\/div>\n<p>Alfred Cako ka paralajm\u00ebruar p\u00ebr nj\u00eb s\u00ebmundje t\u00eb re, nga e cila thot\u00eb se do t\u00eb mbushen spitalet. P\u00ebrmes nj\u00eb postimin n\u00eb Facebook, Cako thot\u00eb se n\u00eb fillim t\u00eb tetorin fillon \u201cpuna e djallit p\u00ebr t\u00eb mbushur spitalet\u201d.<\/p>\n<p>Ai thot\u00eb se aksioni i \u201cluciferan\u00ebve globalist\u00eb\u201d filloi sot me avion\u00ebt ku sipas tij kan\u00eb hedhur helm mbi popullat\u00eb. Cako pretendon se sot \u00ebsht\u00eb hedhur nj\u00eb s\u00ebmundje e cila do t\u00eb ket\u00eb nj\u00eb em\u00ebr birre, nga e cila sipas tij do t\u00eb mbushen spitalet brenda 3-4 dit\u00ebve. Postimi i Alfred Cakos<\/p>\n<p>Une ju pata lajmeruar qe ne fund te shtatorit, fillim i tetorit do fillonte puna e djallit per te mbushur spitalet.<\/p>\n<p>Aksioni sot ka rinisur fuqishem me avionet. Sot qielli ka qene shume, shume i ngarkuar per 7-8 ore. Ne mengjes heret ishte qiell shume i past\u00ebr. Nga ora 8 kaluan 3 here avionet ne vija te drejta larg nga njeri-tjetri me fasha te gjata \u201ctymi\u201d dhe nga ora 11:30 keto vija u p\u00ebrhapen dhe e mbuluan gjithe qiellin e Tiranes.<\/p>\n<p>Shikoja njer\u00ebz nga makina ime qe vraponin nga Liqeni, njer\u00ebz jasht\u00eb neper kafene qe rrinin me ore te tera duke gjerbur dale ngadale, me nge, kafene. Te shkretet, naive, nuk e kuptonin qe jane kandidate potenciale per te zene pas 3-4 ditesh shtratin te helmuar me s\u00ebmundjen e mallkuar me nje emer birre! Pas 3-4 dit\u00ebsh do d\u00ebgjojm\u00eb qe spitalet do te jene plot.<\/p>\n<p>Kur eshte moti me re, eshte e v\u00ebshtire ta kuptosh kete aksion te luciferianeve globaliste. Por kur ata veprojn\u00eb ne qiell te past\u00ebr kuptohet menj\u00ebher\u00eb djall\u00ebzia kriminale, ve\u00e7se jo nga budallenjte. Stomaku gjithe dit\u00ebn ka qene cuditerisht i shqet\u00ebsuar. Shume njer\u00ebz me kane shkruar sot per shenja dhe anomali te ndryshme te natyres se tyre fizike.<\/p>\n<p>Nga AAC (Agjencia e Aviacionit Civil) nuk del ndonj\u00eb drejtues a zedhenes te jape shpjegime cfare jane keto avion\u00eb qe shkaktojn\u00eb keto fasha te gjata tymi apo kete helmim me avion\u00eb, hera her\u00ebs ne qiell te past\u00ebr. Disa miq te mij me lidhje me drejtues te AAC me thone privatisht se eshte firmosur nje marr\u00ebveshje per disa fluturime sekrete ne kuad\u00ebr te aleancave ushtarake. Dhe ndoshta eshte kjo, fluturime sekrete per popujt dhe per popullin tone.<\/p>\n<p>Tani keta gjytyrymet factcheckers dhe gjithe minjte e OJF-ve qe paguhen me sufllaqe nga luciferianet le te fillojn\u00eb te raportojn\u00eb ne xhaxhi Zuku. Mos harrojn\u00eb karmen ketu dhe ne qiell!<\/p>\n<p>Nje dite do t\u2019i pyes\u00eb Famelarti: Ku ishe dhe per k\u00eb punove atje posht\u00eb, ti Adam?!!! Pse nuk mbrojte popullin por u rreshtove me mjesht\u00ebrit e m\u00ebdhenj luciferiane dhe vras\u00ebsit e tij?!<\/p>\n<p>Atij nuk i shp\u00ebton asnj\u00eb gj\u00eb nga veprat tona. Ai nuk nd\u00ebrhyn ne vendimet tona ketu poshte, por ai gjykon dhe jep vendime afatgjata per secilin nga ne!!!<\/p>\n<p>Ai na e ka treguar rrug\u00ebn e virtytit dhe te m\u00ebkatit te rende kur flet per shenjen e djallit qe nuk duhet ta vendosim kurre. Prangat po shtr\u00ebngohen, por gjithmon\u00eb ka nje zgjidhje. Nese b\u00ebhemi bashke, p\u00ebrpara ka vet\u00ebm miza. Kete karme dhe shpagim t\u00e9 Famelarti duhet ta kuptojn\u00eb gjithe ateistet sufllaqexhinj t\u00eb globalisteve!!!<\/p>\n\n<div style=\"font-size: 0px; height: 0px; line-height: 0px; margin: 0; padding: 0; clear: both;\"><\/div>","protected":false},"excerpt":{"rendered":"<p>Alfred Cako ka paralajm\u00ebruar p\u00ebr nj\u00eb s\u00ebmundje t\u00eb re, nga e cila thot\u00eb se do t\u00eb mbushen spitalet. P\u00ebrmes nj\u00eb postimin n\u00eb Facebook, Cako thot\u00eb se n\u00eb&#8230; <\/p>\n","protected":false},"author":1,"featured_media":4540,"comment_status":"open","ping_status":"open","sticky":false,"template":"","format":"standard","meta":{"footnotes":""},"categories":[6],"tags":[],"class_list":["post-4539","post","type-post","status-publish","format-standard","has-post-thumbnail","hentry","category-lajme"],"_links":{"self":[{"href":"https:\/\/new.findnews5.com\/index.php?rest_route=\/wp\/v2\/posts\/4539","targetHints":{"allow":["GET"]}}],"collection":[{"href":"https:\/\/new.findnews5.com\/index.php?rest_route=\/wp\/v2\/posts"}],"about":[{"href":"https:\/\/new.findnews5.com\/index.php?rest_route=\/wp\/v2\/types\/post"}],"author":[{"embeddable":true,"href":"https:\/\/new.findnews5.com\/index.php?rest_route=\/wp\/v2\/users\/1"}],"replies":[{"embeddable":true,"href":"https:\/\/new.findnews5.com\/index.php?rest_route=%2Fwp%2Fv2%2Fcomments&post=4539"}],"version-history":[{"count":0,"href":"https:\/\/new.findnews5.com\/index.php?rest_route=\/wp\/v2\/posts\/4539\/revisions"}],"wp:featuredmedia":[{"embeddable":true,"href":"https:\/\/new.findnews5.com\/index.php?rest_route=\/wp\/v2\/media\/4540"}],"wp:attachment":[{"href":"https:\/\/new.findnews5.com\/index.php?rest_route=%2Fwp%2Fv2%2Fmedia&parent=4539"}],"wp:term":[{"taxonomy":"category","embeddable":true,"href":"https:\/\/new.findnews5.com\/index.php?rest_route=%2Fwp%2Fv2%2Fcategories&post=4539"},{"taxonomy":"post_tag","embeddable":true,"href":"https:\/\/new.findnews5.com\/index.php?rest_route=%2Fwp%2Fv2%2Ftags&post=4539"}],"curies":[{"name":"wp","href":"https:\/\/api.w.org\/{rel}","templated":true}]}}