{"id":4530,"date":"2023-10-08T12:50:31","date_gmt":"2023-10-08T12:50:31","guid":{"rendered":"https:\/\/new.findnews5.com\/?p=4530"},"modified":"2023-10-08T12:50:33","modified_gmt":"2023-10-08T12:50:33","slug":"grate-shqiptare-jane-si-lavatriqe-trajkoviq-flet-per-deklaraten-e-saj-te-dikurshme","status":"publish","type":"post","link":"https:\/\/new.findnews5.com\/?p=4530","title":{"rendered":"\u2018Grat\u00eb shqiptare jan\u00eb si lavatriqe\u2019 &#8211; Trajkoviq flet p\u00ebr deklarat\u00ebn e saj t\u00eb dikurshme"},"content":{"rendered":"<div class=\"78954ae5fa42b68c1393fe3da4998882\" data-index=\"1\" style=\"float: none; margin:0px 0 0px 0; text-align:center;\">\n<div data-type=\"_mgwidget\" data-widget-id=\"1576712\">\r\n<\/div>\r\n<script>(function(w,q){w[q]=w[q]||[];w[q].push([\"_mgc.load\"])})(window,\"_mgq\");\r\n<\/script>\r\n\n<\/div>\n<p>Kryetarja e Partis\u00eb s\u00eb L\u00ebvizjes Evropiane t\u00eb Serb\u00ebve si dhe ish deputetja e Kuvendit t\u00eb Kosov\u00ebs, Rada Trajkoviq, n\u00eb intervist\u00ebn p\u00ebr emisionin \u201cKallxo P\u00ebrnime\u201d \u00ebsht\u00eb pyetur se \u00e7far\u00eb ka menduar kur ka th\u00ebn\u00eb se \u201cgrat\u00eb shqiptare jan\u00eb si lavatriqe\u201d, n\u00eb kuptimin se b\u00ebjn\u00eb shum\u00eb f\u00ebmij\u00eb.<\/p>\n<p>Ajo ka th\u00ebn\u00eb se ndon\u00ebse n\u00eb Kosov\u00eb \u00ebsht\u00eb arritur shum\u00eb me emancipimin e grave, kjo shprehje sipas saj i ka ardhur pas nj\u00eb ankete q\u00eb ajo e kishte b\u00ebr\u00eb n\u00eb spitalin e lindjes n\u00eb Prishtin\u00eb.<\/p>\n<p>\u201cKur i kemi pyetur lehonat shqiptare dhe serbe se pse lindin, gjat\u00eb atij hulumtimi, shqiptaret lindnin f\u00ebmij\u00ebn e 4, 5, 6, 7, t\u00eb gjitha thonin se kishin presion nga bashk\u00ebshort\u00ebt e tyre p\u00ebr t\u00eb lindur f\u00ebmij\u00eb\u201d, shpjegoi ajo.<\/p>\n<p>Nd\u00ebr\u00eb tjerash ajo tha se kur e ka th\u00ebn\u00eb k\u00ebt\u00eb gj\u00eb ka qen\u00eb n\u00eb vitet 97 \u2013 98 dhe kjo ka rrjedh\u00eb nga d\u00ebshira p\u00ebr t\u2019i mbrojtur grat\u00eb shqiptare sepse sipas saj ato nuk kishin t\u00eb drejt\u00eb t\u00eb vendosin se sa f\u00ebmij\u00eb duhet t\u2019i ken\u00eb.<\/p>\n<p><iframe loading=\"lazy\" width=\"560\" height=\"315\" src=\"https:\/\/www.youtube.com\/embed\/_Myz3icuITY?si=Z0xT5QIQf1HcrkNE\" title=\"YouTube video player\" frameborder=\"0\" allow=\"accelerometer; autoplay; clipboard-write; encrypted-media; gyroscope; picture-in-picture; web-share\" allowfullscreen><\/iframe><\/p>\n\n<div style=\"font-size: 0px; height: 0px; line-height: 0px; margin: 0; padding: 0; clear: both;\"><\/div>","protected":false},"excerpt":{"rendered":"<p>Kryetarja e Partis\u00eb s\u00eb L\u00ebvizjes Evropiane t\u00eb Serb\u00ebve si dhe ish deputetja e Kuvendit t\u00eb Kosov\u00ebs, Rada Trajkoviq, n\u00eb intervist\u00ebn p\u00ebr emisionin \u201cKallxo P\u00ebrnime\u201d \u00ebsht\u00eb pyetur se&#8230; <\/p>\n","protected":false},"author":1,"featured_media":4531,"comment_status":"open","ping_status":"open","sticky":false,"template":"","format":"standard","meta":{"footnotes":""},"categories":[6],"tags":[],"class_list":["post-4530","post","type-post","status-publish","format-standard","has-post-thumbnail","hentry","category-lajme"],"_links":{"self":[{"href":"https:\/\/new.findnews5.com\/index.php?rest_route=\/wp\/v2\/posts\/4530","targetHints":{"allow":["GET"]}}],"collection":[{"href":"https:\/\/new.findnews5.com\/index.php?rest_route=\/wp\/v2\/posts"}],"about":[{"href":"https:\/\/new.findnews5.com\/index.php?rest_route=\/wp\/v2\/types\/post"}],"author":[{"embeddable":true,"href":"https:\/\/new.findnews5.com\/index.php?rest_route=\/wp\/v2\/users\/1"}],"replies":[{"embeddable":true,"href":"https:\/\/new.findnews5.com\/index.php?rest_route=%2Fwp%2Fv2%2Fcomments&post=4530"}],"version-history":[{"count":0,"href":"https:\/\/new.findnews5.com\/index.php?rest_route=\/wp\/v2\/posts\/4530\/revisions"}],"wp:featuredmedia":[{"embeddable":true,"href":"https:\/\/new.findnews5.com\/index.php?rest_route=\/wp\/v2\/media\/4531"}],"wp:attachment":[{"href":"https:\/\/new.findnews5.com\/index.php?rest_route=%2Fwp%2Fv2%2Fmedia&parent=4530"}],"wp:term":[{"taxonomy":"category","embeddable":true,"href":"https:\/\/new.findnews5.com\/index.php?rest_route=%2Fwp%2Fv2%2Fcategories&post=4530"},{"taxonomy":"post_tag","embeddable":true,"href":"https:\/\/new.findnews5.com\/index.php?rest_route=%2Fwp%2Fv2%2Ftags&post=4530"}],"curies":[{"name":"wp","href":"https:\/\/api.w.org\/{rel}","templated":true}]}}