{"id":4527,"date":"2023-10-08T12:47:58","date_gmt":"2023-10-08T12:47:58","guid":{"rendered":"https:\/\/new.findnews5.com\/?p=4527"},"modified":"2023-10-08T12:48:00","modified_gmt":"2023-10-08T12:48:00","slug":"nderron-jete-njeri-nga-deshmitaret-gjykata-ne-hage-lejon-tre-familjare-te-deshmojne-kunder-thacit-dhe-te-tjereve","status":"publish","type":"post","link":"https:\/\/new.findnews5.com\/?p=4527","title":{"rendered":"Nd\u00ebrron jet\u00eb nj\u00ebri nga d\u00ebshmitar\u00ebt, Gjykata n\u00eb Hag\u00eb lejon tre familjar\u00eb t\u00eb d\u00ebshmojn\u00eb kund\u00ebr Tha\u00e7it dhe t\u00eb tjer\u00ebve"},"content":{"rendered":"<div class=\"78954ae5fa42b68c1393fe3da4998882\" data-index=\"1\" style=\"float: none; margin:0px 0 0px 0; text-align:center;\">\n<div data-type=\"_mgwidget\" data-widget-id=\"1576712\">\r\n<\/div>\r\n<script>(function(w,q){w[q]=w[q]||[];w[q].push([\"_mgc.load\"])})(window,\"_mgq\");\r\n<\/script>\r\n\n<\/div>\n<p>Gjykata Speciale n\u00eb Hag\u00eb, m\u00eb kat\u00ebr tetor, e ka miratuar k\u00ebrkes\u00ebn p\u00ebr t\u00eb lejuar tre an\u00ebtar\u00eb t\u00eb ngusht\u00eb t\u00eb familjes s\u00eb nj\u00ebr\u00ebs prej viktimave, q\u00eb ka nd\u00ebrruar jet\u00eb s\u00eb fundmi, t\u00eb marrin pjes\u00eb si viktima pjes\u00ebmarr\u00ebse n\u00eb proces gjyq\u00ebsor.<\/p>\n<p>Mbrojt\u00ebsi i viktimave parashtron se tre t\u00eb af\u00ebrmit e ngusht\u00eb t\u00eb V252\/06 duhet t\u00eb lejohen t\u00eb marrin pjes\u00eb si viktima n\u00eb procedurat aktuale n\u00eb em\u00ebr t\u00eb V252\/06.5.<\/p>\n<p>\u201cM\u00eb 8 shtator 2023, avokati i viktimave njoftoi Panelin p\u00ebr vdekjen e V252\/06 dhe paraqiti nj\u00eb k\u00ebrkes\u00eb p\u00ebr t\u00eb lejuar tre nga t\u00eb af\u00ebrmit e ngusht\u00eb t\u00eb V252\/06 t\u00eb merrnin pjes\u00eb si viktima n\u00eb procedurat n\u00eb vend t\u00eb V252\/06 (\u201cK\u00ebrkes\u00eb\u201d)\u201d, thuhet n\u00eb njoftim.<\/p>\n<p>Avokati i viktimave pohon se ai ka t\u00eb drejt\u00eb t\u00eb paraqes\u00eb k\u00ebrkes\u00ebn aktuale, duke qen\u00eb se ai ishte caktuar m\u00eb par\u00eb p\u00ebr t\u00eb p\u00ebrfaq\u00ebsuar V252\/06.<\/p>\n<p>Mbrojt\u00ebsi i viktimave pohon se n\u00eb p\u00ebrputhje me jurisprudenc\u00ebn e Dhomave t\u00eb Specializuara, t\u00eb af\u00ebrmit lejohen t\u00eb vazhdojn\u00eb nj\u00eb veprim t\u00eb nisur nga nj\u00eb viktim\u00eb e cila m\u00eb pas vdes.<\/p>\n<p>Ndaj ish-presidentit t\u00eb Kosov\u00ebs, Hashim Tha\u00e7i, ish-kreut t\u00eb Partis\u00eb Demokratike t\u00eb Kosov\u00ebs, Kadri Veseli, ish-an\u00ebtarit t\u00eb Shtabit t\u00eb P\u00ebrgjithsh\u00ebm t\u00eb U\u00c7K-s\u00eb, Rexhep Selimi dhe ish-z\u00ebdh\u00ebn\u00ebsit t\u00eb U\u00c7K-s\u00eb, Jakup Krasniqit r\u00ebndojn\u00eb akuzat p\u00ebr krime lufte dhe krime kund\u00ebr njer\u00ebzimit.<\/p>\n<p>Ata gjenden n\u00eb paraburgim n\u00eb Hag\u00eb dhe jan\u00eb deklaruar t\u00eb pafajsh\u00ebm p\u00ebr akuzat q\u00eb r\u00ebndojn\u00eb ndaj tyre.<\/p>\n<p>Sipas aktakuz\u00ebs fillestare, Tha\u00e7i, Veseli, Krasniqi dhe Selimi dyshohen p\u00ebr veprat penale q\u00eb kan\u00eb t\u00eb b\u00ebjn\u00eb me krime lufte: ndalim t\u00eb paligjsh\u00ebm ose arbitrar, trajtim mizor, tortur\u00eb dhe vrasje t\u00eb paligjshme dhe krime kund\u00ebr njer\u00ebzimit: burgosje, akte t\u00eb tjera \u00e7njer\u00ebzore, zhdukje me forc\u00eb t\u00eb personave dhe p\u00ebrndjekje, t\u00eb cilat, sipas Dhomave t\u00eb Specializuara, jan\u00eb kryer midis marsit t\u00eb vitit 1998 dhe shtatorit 1999.<\/p>\n<p>Krimet pretendohet se jan\u00eb kryer n\u00eb disa lokacione t\u00eb Kosov\u00ebs dhe n\u00eb veri t\u00eb Shqip\u00ebris\u00eb.<\/p>\n\n<div style=\"font-size: 0px; height: 0px; line-height: 0px; margin: 0; padding: 0; clear: both;\"><\/div>","protected":false},"excerpt":{"rendered":"<p>Gjykata Speciale n\u00eb Hag\u00eb, m\u00eb kat\u00ebr tetor, e ka miratuar k\u00ebrkes\u00ebn p\u00ebr t\u00eb lejuar tre an\u00ebtar\u00eb t\u00eb ngusht\u00eb t\u00eb familjes s\u00eb nj\u00ebr\u00ebs prej viktimave, q\u00eb ka nd\u00ebrruar&#8230; <\/p>\n","protected":false},"author":1,"featured_media":4528,"comment_status":"open","ping_status":"open","sticky":false,"template":"","format":"standard","meta":{"footnotes":""},"categories":[6],"tags":[],"class_list":["post-4527","post","type-post","status-publish","format-standard","has-post-thumbnail","hentry","category-lajme"],"_links":{"self":[{"href":"https:\/\/new.findnews5.com\/index.php?rest_route=\/wp\/v2\/posts\/4527","targetHints":{"allow":["GET"]}}],"collection":[{"href":"https:\/\/new.findnews5.com\/index.php?rest_route=\/wp\/v2\/posts"}],"about":[{"href":"https:\/\/new.findnews5.com\/index.php?rest_route=\/wp\/v2\/types\/post"}],"author":[{"embeddable":true,"href":"https:\/\/new.findnews5.com\/index.php?rest_route=\/wp\/v2\/users\/1"}],"replies":[{"embeddable":true,"href":"https:\/\/new.findnews5.com\/index.php?rest_route=%2Fwp%2Fv2%2Fcomments&post=4527"}],"version-history":[{"count":0,"href":"https:\/\/new.findnews5.com\/index.php?rest_route=\/wp\/v2\/posts\/4527\/revisions"}],"wp:featuredmedia":[{"embeddable":true,"href":"https:\/\/new.findnews5.com\/index.php?rest_route=\/wp\/v2\/media\/4528"}],"wp:attachment":[{"href":"https:\/\/new.findnews5.com\/index.php?rest_route=%2Fwp%2Fv2%2Fmedia&parent=4527"}],"wp:term":[{"taxonomy":"category","embeddable":true,"href":"https:\/\/new.findnews5.com\/index.php?rest_route=%2Fwp%2Fv2%2Fcategories&post=4527"},{"taxonomy":"post_tag","embeddable":true,"href":"https:\/\/new.findnews5.com\/index.php?rest_route=%2Fwp%2Fv2%2Ftags&post=4527"}],"curies":[{"name":"wp","href":"https:\/\/api.w.org\/{rel}","templated":true}]}}