{"id":4524,"date":"2023-10-08T12:44:43","date_gmt":"2023-10-08T12:44:43","guid":{"rendered":"https:\/\/new.findnews5.com\/?p=4524"},"modified":"2023-10-08T12:44:44","modified_gmt":"2023-10-08T12:44:44","slug":"arestohet-ne-morin-nje-31-vjecar-serb-ishte-i-shpallur-ne-kerkim-nderkombetar-ne-austri","status":"publish","type":"post","link":"https:\/\/new.findnews5.com\/?p=4524","title":{"rendered":"Arestohet n\u00eb Morin nj\u00eb 31 vje\u00e7ar serb, ishte i shpallur n\u00eb k\u00ebrkim nd\u00ebrkomb\u00ebtar n\u00eb Austri"},"content":{"rendered":"<div class=\"78954ae5fa42b68c1393fe3da4998882\" data-index=\"1\" style=\"float: none; margin:0px 0 0px 0; text-align:center;\">\n<div data-type=\"_mgwidget\" data-widget-id=\"1576712\">\r\n<\/div>\r\n<script>(function(w,q){w[q]=w[q]||[];w[q].push([\"_mgc.load\"])})(window,\"_mgq\");\r\n<\/script>\r\n\n<\/div>\n<p>\u00cbsht\u00eb arrestuar nj\u00eb 31 vje\u00e7ar shtetas serb, i cili tentoi t\u00eb hynte n\u00eb Shqip\u00ebri, nd\u00ebrkoh\u00eb q\u00eb ishte i shpallur n\u00eb k\u00ebrkim nd\u00ebrkomb\u00ebtar, nga autoritetet e Austris\u00eb, p\u00ebr trafikim t\u00eb narkotik\u00ebve. Ai u arrestua me q\u00ebllim ekstradimin, njofton Policia Kufitare e PKK n\u00eb Morin\u00eb.<\/p>\n<p>\u201cKrahas angazhimit maksimal p\u00ebr t\u00eb ofruar sh\u00ebrbim cil\u00ebsor, t\u00eb shpejt\u00eb dhe me etik\u00eb, p\u00ebr qytetar\u00ebt n\u00eb hyrje\/dalje t\u00eb vendit, sh\u00ebrbimet e Policis\u00eb Kufitare t\u00eb PKK Morin\u00eb, kan\u00eb vijuar pun\u00ebn p\u00ebr goditjen e paligjshm\u00ebrive n\u00eb kufi, si dhe p\u00ebr ndalimin e shtetasve q\u00eb sinjalizohen si t\u00eb shpallur n\u00eb k\u00ebrkim dhe tentojn\u00eb t\u00eb hyjn\u00eb apo t\u00eb dalin nga kjo pkk.<\/p>\n<p>N\u00eb k\u00ebt\u00eb kuad\u00ebr, n\u00eb bashk\u00ebpunim me sh\u00ebrbimet e Drejtoris\u00eb Vendore t\u00eb Policis\u00eb Kuk\u00ebs dhe si rezultat i shk\u00ebmbimit t\u00eb informacioneve nd\u00ebrmjet Interpol Tiran\u00ebs dhe Interpol Vjen\u00ebs, u ndalua dhe u vu n\u00eb pranga, me q\u00ebllim ekstradimin drejt Austris\u00eb, shtetasi i k\u00ebrkuar nd\u00ebrkomb\u00ebtarisht D. S., 31 vje\u00e7, banues n\u00eb Serbi.<br \/>\nGjat\u00eb verifikimeve dhe intervistimit n\u00eb vij\u00eb t\u00eb dyt\u00eb, n\u00eb hyrje t\u00eb vendit, rezultoi se 31-vje\u00e7ari ishte shpallur n\u00eb k\u00ebrkim nd\u00ebrkomb\u00ebtar, nga Interpol Vjena, p\u00ebr vepr\u00ebn penale \u201cTrafikimi i narkotik\u00ebve\u201d, sipas parashikimeve t\u00eb legjislacionit penal t\u00eb Austris\u00eb.<\/p>\n<p>Interpol Tirana, n\u00eb bashk\u00ebpunim me homolog\u00ebt n\u00eb Austri, vijon procedurat p\u00ebr ekstradimin e 31-vje\u00e7arit\u201d, thuhet n\u00eb raportin e Policis\u00eb Kufitare t\u00eb PKK Morin\u00eb.<\/p>\n\n<div style=\"font-size: 0px; height: 0px; line-height: 0px; margin: 0; padding: 0; clear: both;\"><\/div>","protected":false},"excerpt":{"rendered":"<p>\u00cbsht\u00eb arrestuar nj\u00eb 31 vje\u00e7ar shtetas serb, i cili tentoi t\u00eb hynte n\u00eb Shqip\u00ebri, nd\u00ebrkoh\u00eb q\u00eb ishte i shpallur n\u00eb k\u00ebrkim nd\u00ebrkomb\u00ebtar, nga autoritetet e Austris\u00eb, p\u00ebr&#8230; <\/p>\n","protected":false},"author":1,"featured_media":4525,"comment_status":"open","ping_status":"open","sticky":false,"template":"","format":"standard","meta":{"footnotes":""},"categories":[6],"tags":[],"class_list":["post-4524","post","type-post","status-publish","format-standard","has-post-thumbnail","hentry","category-lajme"],"_links":{"self":[{"href":"https:\/\/new.findnews5.com\/index.php?rest_route=\/wp\/v2\/posts\/4524","targetHints":{"allow":["GET"]}}],"collection":[{"href":"https:\/\/new.findnews5.com\/index.php?rest_route=\/wp\/v2\/posts"}],"about":[{"href":"https:\/\/new.findnews5.com\/index.php?rest_route=\/wp\/v2\/types\/post"}],"author":[{"embeddable":true,"href":"https:\/\/new.findnews5.com\/index.php?rest_route=\/wp\/v2\/users\/1"}],"replies":[{"embeddable":true,"href":"https:\/\/new.findnews5.com\/index.php?rest_route=%2Fwp%2Fv2%2Fcomments&post=4524"}],"version-history":[{"count":0,"href":"https:\/\/new.findnews5.com\/index.php?rest_route=\/wp\/v2\/posts\/4524\/revisions"}],"wp:featuredmedia":[{"embeddable":true,"href":"https:\/\/new.findnews5.com\/index.php?rest_route=\/wp\/v2\/media\/4525"}],"wp:attachment":[{"href":"https:\/\/new.findnews5.com\/index.php?rest_route=%2Fwp%2Fv2%2Fmedia&parent=4524"}],"wp:term":[{"taxonomy":"category","embeddable":true,"href":"https:\/\/new.findnews5.com\/index.php?rest_route=%2Fwp%2Fv2%2Fcategories&post=4524"},{"taxonomy":"post_tag","embeddable":true,"href":"https:\/\/new.findnews5.com\/index.php?rest_route=%2Fwp%2Fv2%2Ftags&post=4524"}],"curies":[{"name":"wp","href":"https:\/\/api.w.org\/{rel}","templated":true}]}}