{"id":4520,"date":"2023-10-07T23:40:57","date_gmt":"2023-10-07T23:40:57","guid":{"rendered":"https:\/\/new.findnews5.com\/?p=4520"},"modified":"2023-10-07T23:40:57","modified_gmt":"2023-10-07T23:40:57","slug":"edhe-pse-jeton-nen-nje-cati-me-gruan-74-vjecari-kerkon-grua-tjeter-nuk-shtyhet-jeta-keshtu","status":"publish","type":"post","link":"https:\/\/new.findnews5.com\/?p=4520","title":{"rendered":"Edhe pse jeton n\u00ebn nj\u00eb \u00e7ati me gruan, 74-vje\u00e7ari k\u00ebrkon grua tjet\u00ebr: Nuk shtyhet jeta k\u00ebshtu"},"content":{"rendered":"<div class=\"78954ae5fa42b68c1393fe3da4998882\" data-index=\"1\" style=\"float: none; margin:0px 0 0px 0; text-align:center;\">\n<div data-type=\"_mgwidget\" data-widget-id=\"1576712\">\r\n<\/div>\r\n<script>(function(w,q){w[q]=w[q]||[];w[q].push([\"_mgc.load\"])})(window,\"_mgq\");\r\n<\/script>\r\n\n<\/div>\n<p>Ne emisionin \u201cHistoria ime\u201d sot ka qene historia e pazakonte e nje 74 vjecari nga Mallakastra. Ai eshte baba i 4 femijeve por me gruan e tij ka 10 vjet i divorcuar. Ne adoleshencen e tij, rreth moshes 16 vjecari nga shperthimi i nje granate atij iu demtuan syte dhe tashme me kalimin e kaq viteve eshte i verber.<\/p>\n<p>Megjithese me vendim gjykate eshte i ndare ai vazhdon te jetoje me ish-bashkeshorten me nje shtepi. Por 74 vjecari tregon se ndihet vetem pasi femijet nuk e takojne shpesh. E meqenese ai eshte i pamundur te kujdeset per veten ne gjendjen qe eshte, ai shprehet se nuk mund te rrije krejt i vetem dhe deshiron te njihet me nje tjeter grua.<\/p>\n<p>Pjese nga biseda me gazetaren Mirela Milori:<\/p>\n<p>Mirela Milori: Jetoni me ndonj\u00eb f\u00ebmij\u00eb n\u00eb at\u00eb sht\u00ebpi apo jeni vet\u00ebm ju t\u00eb dy?<\/p>\n<p>74-vje\u00e7ari: Jo, jo jetojn\u00eb edhe f\u00ebmij\u00ebt\u2026<\/p>\n<p>Mirela Milori: Jetoni n\u00eb dhoma t\u00eb ndara?<\/p>\n<p>74-vje\u00e7ari: Si lagjexhi, n\u00eb dhoma t\u00eb ndara..<\/p>\n<p>Mirela Milori: Kush kujdeset p\u00ebr ty?<\/p>\n<p>74-vje\u00e7ari: Shiko, nj\u00eb jet\u00eb q\u00eb nuk shtyhet, i vjen koha q\u00eb kalbet dhe po u kalb s\u2019ke \u00e7far\u00eb flet m\u00eb. Kur b\u00ebhet e padurueshme nuk mund ta g\u00eblltis\u00ebsh\u2026<\/p>\n<p>Pastaj fillon e tregon per marredhenien me femijet qe ne kohen e divorcit qe nuk e kishin diskutuar.<\/p>\n<p>Tashme ai ka vetem nje shqetesim te te ndenjurit vetem dhe i beri nje kerkese emisonit:<\/p>\n<p>Mirela Milori: Ke ardhur me nj\u00eb k\u00ebrkes\u00eb?<\/p>\n<p>74-vje\u00e7ari: N\u00eb qoft\u00eb se juve ju jepet mund\u00ebsia q\u00eb mua t\u00eb m\u00eb ndihmoni\u2026<\/p>\n<p>Mirela Milori: P\u00ebr \u00e7far\u00eb?<\/p>\n<p>74-vje\u00e7ari: N\u00ebse ka ndonj\u00eb njeri t\u00eb mosh\u00ebs, q\u00eb mund t\u00eb pranoj\u00eb, un\u00eb nga ekonomia s\u2019jam keq, do jet\u00eb nj\u00eb kujtes\u00eb e mir\u00eb p\u00ebr mua nga ana juaj..<\/p>\n<p>Mirela Milori: Do t\u00eb martohesh prap\u00eb?<\/p>\n<p>74-vje\u00e7ari: Tani martes\u00eb pleq\u00ebrie quhet kjo..<\/p>\n<p>Mirela Milori: Po pse e b\u00ebn k\u00ebt\u00eb?<\/p>\n<p>74-vje\u00e7ari: P\u00ebr shum\u00eb arsye\u2026 Kur thash\u00eb martes\u00eb pleq\u00ebrie do t\u00eb thot\u00eb do kemi bashkime, por do kemi dhe kufizime\u2026<\/p>\n<p>Mirela Milori: \u00c7far\u00eb e b\u00ebn nj\u00eb njeri n\u00eb mosh\u00ebn t\u00ebnde, q\u00eb t\u00eb k\u00ebrkoj\u00eb nj\u00eb bashk\u00ebjetues n\u00eb krah?<\/p>\n<p>74-vje\u00e7ari: K\u00ebtu mosha po, invaliditeti po, ushqimet, larja, shp\u00eblarja, q\u00eb k\u00ebshtu ajo p\u00ebr mua do ishte nj\u00eb fillim jete, jo nj\u00eb mbarim..<\/p>\n<p>Mirela Milori: F\u00ebmij\u00ebt t\u00eb mb\u00ebshtesin p\u00ebr nj\u00eb martes\u00eb tjet\u00ebr?<\/p>\n<p>74-vje\u00e7ari: Jo\u2026 Se dhe ajo ju ka th\u00ebn\u00eb nuk pranoj tjet\u00ebr person k\u00ebtu dhe ju vjen dhe r\u00ebnd\u00eb\u2026<\/p>\n\n<div style=\"font-size: 0px; height: 0px; line-height: 0px; margin: 0; padding: 0; clear: both;\"><\/div>","protected":false},"excerpt":{"rendered":"<p>Ne emisionin \u201cHistoria ime\u201d sot ka qene historia e pazakonte e nje 74 vjecari nga Mallakastra. Ai eshte baba i 4 femijeve por me gruan e tij&#8230; <\/p>\n","protected":false},"author":1,"featured_media":4521,"comment_status":"open","ping_status":"open","sticky":false,"template":"","format":"standard","meta":{"footnotes":""},"categories":[6],"tags":[],"class_list":["post-4520","post","type-post","status-publish","format-standard","has-post-thumbnail","hentry","category-lajme"],"_links":{"self":[{"href":"https:\/\/new.findnews5.com\/index.php?rest_route=\/wp\/v2\/posts\/4520","targetHints":{"allow":["GET"]}}],"collection":[{"href":"https:\/\/new.findnews5.com\/index.php?rest_route=\/wp\/v2\/posts"}],"about":[{"href":"https:\/\/new.findnews5.com\/index.php?rest_route=\/wp\/v2\/types\/post"}],"author":[{"embeddable":true,"href":"https:\/\/new.findnews5.com\/index.php?rest_route=\/wp\/v2\/users\/1"}],"replies":[{"embeddable":true,"href":"https:\/\/new.findnews5.com\/index.php?rest_route=%2Fwp%2Fv2%2Fcomments&post=4520"}],"version-history":[{"count":0,"href":"https:\/\/new.findnews5.com\/index.php?rest_route=\/wp\/v2\/posts\/4520\/revisions"}],"wp:featuredmedia":[{"embeddable":true,"href":"https:\/\/new.findnews5.com\/index.php?rest_route=\/wp\/v2\/media\/4521"}],"wp:attachment":[{"href":"https:\/\/new.findnews5.com\/index.php?rest_route=%2Fwp%2Fv2%2Fmedia&parent=4520"}],"wp:term":[{"taxonomy":"category","embeddable":true,"href":"https:\/\/new.findnews5.com\/index.php?rest_route=%2Fwp%2Fv2%2Fcategories&post=4520"},{"taxonomy":"post_tag","embeddable":true,"href":"https:\/\/new.findnews5.com\/index.php?rest_route=%2Fwp%2Fv2%2Ftags&post=4520"}],"curies":[{"name":"wp","href":"https:\/\/api.w.org\/{rel}","templated":true}]}}