{"id":4489,"date":"2023-10-07T11:31:59","date_gmt":"2023-10-07T11:31:59","guid":{"rendered":"https:\/\/new.findnews5.com\/?p=4489"},"modified":"2023-10-07T11:32:00","modified_gmt":"2023-10-07T11:32:00","slug":"cudit-sazan-guri-nena-e-krishtit-maria-ka-emer-shqiptar-pse-habiteni","status":"publish","type":"post","link":"https:\/\/new.findnews5.com\/?p=4489","title":{"rendered":"\u00c7udit Sazan Guri: N\u00ebna e Krishtit, Maria ka em\u00ebr Shqiptar. Pse habiteni?"},"content":{"rendered":"<div class=\"78954ae5fa42b68c1393fe3da4998882\" data-index=\"1\" style=\"float: none; margin:0px 0 0px 0; text-align:center;\">\n<div data-type=\"_mgwidget\" data-widget-id=\"1576712\">\r\n<\/div>\r\n<script>(function(w,q){w[q]=w[q]||[];w[q].push([\"_mgc.load\"])})(window,\"_mgq\");\r\n<\/script>\r\n\n<\/div>\n<p>P\u00cbR ATA Q\u00cb NGAT\u00cbRROHEN DHE DUAN T\u00cb NGAT\u00cbRROJN\u00cb?!<\/p>\n<p>N\u00eb nj\u00eb status t\u00eb m\u00ebparsh\u00ebm, ku dikush nga piktor\u00ebt e mesjet\u00ebs vizaton Krishtin me plis n\u00eb kok\u00eb shtruam pyetjen rast\u00ebsi apo \u2014 pra, hidhet dorashka p\u00ebr studime t\u00eb m\u00ebtejshme. Ku \u00ebsht\u00eb problemi k\u00ebtu?!<\/p>\n<p>Nga ana tjet\u00ebr nuk e shtrojm\u00eb k\u00ebt\u00eb pasiguri p\u00ebr plisin i thirrur peleus (pe leshi), qeleshe, takije, sepse \u00ebsht\u00eb tashm\u00eb e vertetuar si emblem\u00eb e trungut pellazg \u2013 epir \u2013 ilir \u2013 arbnor-shqiptar, q\u00eb n\u00ebse e lexon dhe e kupton mir\u00eb stausin hidhet dorashka e dyt\u00eb p\u00ebr t\u00eb q\u00ebmtuar, n\u00ebse ka lidhje emri i Krishtit me fjal\u00ebn shqipe t\u00eb zb\u00ebrthyer si Kreu \u00ebsht ose Kreu shenjt apo ka lidhje me lyerjen me boj\u00eb si mbret t\u00eb quajtur Hristos apo \u00ebsht\u00eb rast\u00ebsi prap lidhjet me termat e shqipes. Ku qendron problemi prap k\u00ebtu?<\/p>\n<p>Po emri Marie, n\u00ebna e Krishtit, pra em\u00ebri vet\u00eb, a nuk ka lidhje dhe zb\u00ebrthim me an\u00eb t\u00eb gjuh\u00ebs shqipe apo edhe kjo \u00ebsht\u00eb futja kot?! Po sikur t\u00eb nxjerrim me qindra fakte q\u00eb kjo \u00ebsht\u00eb shqip dhe vet\u00ebm shqip psh n\u00eb Finiq kryeqytet i Epirit n\u00eb nj\u00eb moment kohe t\u00eb caktuar sipas Arsim Spahiut te libri \u2018Shteti Epirot\u2019\u2019 kishte 500 gra me em\u00ebr zyrtar Marie dhe 9000 gra t\u00eb tjera po me k\u00ebt\u00eb emer.<\/p>\n<p>Pse \u00e7uditeni kur ju thon\u00eb se ilir\u00ebt luftonin me shtiz\u00eb me flamur me fush\u00eb t\u00eb kuqe e me dy krena p\u00ebr vendosjen e kristianizmit n\u00eb rrug\u00eb zyrtare, jan\u00eb me dhjetra piktura e gravura, apo edhe k\u00ebto jan\u00eb futja kot?<br \/>\nPo a erdhi sh\u00ebn Pali jo nj\u00ebher\u00eb, por tre her\u00eb n\u00eb Durr\u00ebs, Berat, Skrapar, biles para tij kishte ardhur edhe sh\u00ebn Pjetri, po pse kaq dendur n\u00eb Iliri? Nuk quhet edhe kjo\u2026.<\/p>\n<p>A u ngrit Kisha e par\u00eb n\u00eb Durr\u00ebs n\u00eb vitet 70 mbKr. Nuk quhet edhe kjo\u2026.<br \/>\nA ka nevoj\u00eb p\u00ebr t\u00eb korrigjuar ose ripar\u00eb ose plot\u00ebsuar ose sakt\u00ebsuar gjera, jo thoni jo, dakord, por a mund t\u2019i themi t\u00eb pakt\u00ebn ca gjera t\u00eb path\u00ebna, ose t\u00eb th\u00ebna keq ose t\u00eb z\u00ebna nga pluhuri, jo thoni prap jo, dakord them edhe un\u00eb, qenka shpejt, kur t\u00eb vij\u00eb koha, e cila nuk vjen kurr\u00eb, por koha krijohet \u2026\u2026SG<\/p>\n\n<div style=\"font-size: 0px; height: 0px; line-height: 0px; margin: 0; padding: 0; clear: both;\"><\/div>","protected":false},"excerpt":{"rendered":"<p>P\u00cbR ATA Q\u00cb NGAT\u00cbRROHEN DHE DUAN T\u00cb NGAT\u00cbRROJN\u00cb?! N\u00eb nj\u00eb status t\u00eb m\u00ebparsh\u00ebm, ku dikush nga piktor\u00ebt e mesjet\u00ebs vizaton Krishtin me plis n\u00eb kok\u00eb shtruam pyetjen&#8230; <\/p>\n","protected":false},"author":1,"featured_media":4490,"comment_status":"open","ping_status":"open","sticky":false,"template":"","format":"standard","meta":{"footnotes":""},"categories":[6],"tags":[],"class_list":["post-4489","post","type-post","status-publish","format-standard","has-post-thumbnail","hentry","category-lajme"],"_links":{"self":[{"href":"https:\/\/new.findnews5.com\/index.php?rest_route=\/wp\/v2\/posts\/4489","targetHints":{"allow":["GET"]}}],"collection":[{"href":"https:\/\/new.findnews5.com\/index.php?rest_route=\/wp\/v2\/posts"}],"about":[{"href":"https:\/\/new.findnews5.com\/index.php?rest_route=\/wp\/v2\/types\/post"}],"author":[{"embeddable":true,"href":"https:\/\/new.findnews5.com\/index.php?rest_route=\/wp\/v2\/users\/1"}],"replies":[{"embeddable":true,"href":"https:\/\/new.findnews5.com\/index.php?rest_route=%2Fwp%2Fv2%2Fcomments&post=4489"}],"version-history":[{"count":0,"href":"https:\/\/new.findnews5.com\/index.php?rest_route=\/wp\/v2\/posts\/4489\/revisions"}],"wp:featuredmedia":[{"embeddable":true,"href":"https:\/\/new.findnews5.com\/index.php?rest_route=\/wp\/v2\/media\/4490"}],"wp:attachment":[{"href":"https:\/\/new.findnews5.com\/index.php?rest_route=%2Fwp%2Fv2%2Fmedia&parent=4489"}],"wp:term":[{"taxonomy":"category","embeddable":true,"href":"https:\/\/new.findnews5.com\/index.php?rest_route=%2Fwp%2Fv2%2Fcategories&post=4489"},{"taxonomy":"post_tag","embeddable":true,"href":"https:\/\/new.findnews5.com\/index.php?rest_route=%2Fwp%2Fv2%2Ftags&post=4489"}],"curies":[{"name":"wp","href":"https:\/\/api.w.org\/{rel}","templated":true}]}}