{"id":4476,"date":"2023-10-07T10:13:41","date_gmt":"2023-10-07T10:13:41","guid":{"rendered":"https:\/\/new.findnews5.com\/?p=4476"},"modified":"2023-10-07T10:13:43","modified_gmt":"2023-10-07T10:13:43","slug":"habit-fevziu-lulin-e-kam-pasur-nxenes-dhe-kam-dashur-ta-nxjerr-nga-klasa-por","status":"publish","type":"post","link":"https:\/\/new.findnews5.com\/?p=4476","title":{"rendered":"Habit Fevziu: \u201cLulin e kam pasur nx\u00ebn\u00ebs dhe kam dashur ta nxjerr nga klasa por\u201d"},"content":{"rendered":"<div class=\"78954ae5fa42b68c1393fe3da4998882\" data-index=\"1\" style=\"float: none; margin:0px 0 0px 0; text-align:center;\">\n<div data-type=\"_mgwidget\" data-widget-id=\"1576712\">\r\n<\/div>\r\n<script>(function(w,q){w[q]=w[q]||[];w[q].push([\"_mgc.load\"])})(window,\"_mgq\");\r\n<\/script>\r\n\n<\/div>\n<p>\u201cBlendi Fevziu, i ftuar n\u00eb nj\u00eb emision n\u00eb News24, ka ndar\u00eb me publikun fakte t\u00eb reja t\u00eb ve\u00e7anta. Gjat\u00eb programit, u shfaq nj\u00eb foto e kryedemokratit, dhe Blendi zbuloi nj\u00eb gj\u00eb t\u00eb habitshme.<\/p>\n<p>Ai b\u00ebri me dije se Lulzim Basha ka qen\u00eb nj\u00eb prej nx\u00ebn\u00ebsve t\u00eb tij n\u00eb gjimnazin \u201cSami Frash\u00ebri\u201d, kur Blendi ishte m\u00ebsues n\u00eb k\u00ebt\u00eb shkoll\u00eb.\u201d<\/p>\n<p>\u201cNj\u00ebhe\u027e\u00eb k\u0251m d\u0251sh\u03c5\u027e t\u0251 nxje\u027e\u027e ng\u0251 kl\u0251s\u0251, \u03c1o\u027e m\u00ebs\u03c5esj\u0251 e let\u00eb\u027esis\u00eb m\u00eb th\u0251 se B\u0251sh\u0251 ishte ng\u0251 nx\u00ebn\u00ebsit sh\u03c5m\u00eb t\u00eb mi\u027e\u00eb. Gjithmon\u00eb k\u0251m \u03c1\u0251t\u03c5\u027e \u027e\u0251\u03c1o\u027ete t\u00eb mi\u027e\u0251 me t\u00eb\u201d th\u0251 \u0251i.<\/p>\n\n<div style=\"font-size: 0px; height: 0px; line-height: 0px; margin: 0; padding: 0; clear: both;\"><\/div>","protected":false},"excerpt":{"rendered":"<p>\u201cBlendi Fevziu, i ftuar n\u00eb nj\u00eb emision n\u00eb News24, ka ndar\u00eb me publikun fakte t\u00eb reja t\u00eb ve\u00e7anta. Gjat\u00eb programit, u shfaq nj\u00eb foto e kryedemokratit, dhe&#8230; <\/p>\n","protected":false},"author":1,"featured_media":4477,"comment_status":"open","ping_status":"open","sticky":false,"template":"","format":"standard","meta":{"footnotes":""},"categories":[6],"tags":[],"class_list":["post-4476","post","type-post","status-publish","format-standard","has-post-thumbnail","hentry","category-lajme"],"_links":{"self":[{"href":"https:\/\/new.findnews5.com\/index.php?rest_route=\/wp\/v2\/posts\/4476","targetHints":{"allow":["GET"]}}],"collection":[{"href":"https:\/\/new.findnews5.com\/index.php?rest_route=\/wp\/v2\/posts"}],"about":[{"href":"https:\/\/new.findnews5.com\/index.php?rest_route=\/wp\/v2\/types\/post"}],"author":[{"embeddable":true,"href":"https:\/\/new.findnews5.com\/index.php?rest_route=\/wp\/v2\/users\/1"}],"replies":[{"embeddable":true,"href":"https:\/\/new.findnews5.com\/index.php?rest_route=%2Fwp%2Fv2%2Fcomments&post=4476"}],"version-history":[{"count":0,"href":"https:\/\/new.findnews5.com\/index.php?rest_route=\/wp\/v2\/posts\/4476\/revisions"}],"wp:featuredmedia":[{"embeddable":true,"href":"https:\/\/new.findnews5.com\/index.php?rest_route=\/wp\/v2\/media\/4477"}],"wp:attachment":[{"href":"https:\/\/new.findnews5.com\/index.php?rest_route=%2Fwp%2Fv2%2Fmedia&parent=4476"}],"wp:term":[{"taxonomy":"category","embeddable":true,"href":"https:\/\/new.findnews5.com\/index.php?rest_route=%2Fwp%2Fv2%2Fcategories&post=4476"},{"taxonomy":"post_tag","embeddable":true,"href":"https:\/\/new.findnews5.com\/index.php?rest_route=%2Fwp%2Fv2%2Ftags&post=4476"}],"curies":[{"name":"wp","href":"https:\/\/api.w.org\/{rel}","templated":true}]}}