{"id":4470,"date":"2023-10-07T10:05:43","date_gmt":"2023-10-07T10:05:43","guid":{"rendered":"https:\/\/new.findnews5.com\/?p=4470"},"modified":"2023-10-07T10:05:46","modified_gmt":"2023-10-07T10:05:46","slug":"lushtaku-nje-kryeminister-qe-nuk-e-rrit-femijen-ne-kosove-nuk-ka-ndjenje-te-pergjegjesise","status":"publish","type":"post","link":"https:\/\/new.findnews5.com\/?p=4470","title":{"rendered":"Lushtaku: Nj\u00eb kryeminist\u00ebr q\u00eb nuk e rrit f\u00ebmij\u00ebn n\u00eb Kosov\u00eb, nuk ka ndjenj\u00eb t\u00eb p\u00ebrgjegj\u00ebsis\u00eb"},"content":{"rendered":"<div class=\"78954ae5fa42b68c1393fe3da4998882\" data-index=\"1\" style=\"float: none; margin:0px 0 0px 0; text-align:center;\">\n<div data-type=\"_mgwidget\" data-widget-id=\"1576712\">\r\n<\/div>\r\n<script>(function(w,q){w[q]=w[q]||[];w[q].push([\"_mgc.load\"])})(window,\"_mgq\");\r\n<\/script>\r\n\n<\/div>\n<p>Kurti q\u00eb f\u00ebmij\u00ebt e vet i rrit jasht\u00eb Kosov\u00ebs nuk e ka ndjeshm\u00ebrin\u00eb e p\u00ebrgjegj\u00ebsis\u00eb. E kuptoj p\u00ebr secilin deputet q\u00eb t\u00eb ken\u00eb familje jasht\u00eb vendit, por jo Presidenti e Kryeministri apo Kryeparlamentari, sepse kjo tregon pap\u00ebrgjegjshm\u00ebri t\u00eb madhe ndaj besimit q\u00eb e ka marr prej qytetar\u00ebve\u201d \u2013 shtoi tutje ai.<\/p>\n<p>Sipas tij,  Kuvendi \u00ebsht\u00eb b\u00ebr\u00eb cirk si pasoj\u00eb e ides\u00eb rruga\u00e7e q\u00eb p\u00ebrfaq\u00ebson Kurti me partin\u00eb e vet.\u201cJu i konsideroni si qytetar\u00eb t\u00eb rendit t\u00eb dyt\u00eb ata q\u00eb nuk ju kan\u00eb votuar. Ata kan\u00eb mend\u00ebsi t\u00eb till\u00eb q\u00eb \u00ebsht\u00eb shkat\u00ebrruese p\u00ebr Kosov\u00ebn\u201d- shtoi ai.Deputeti Lushtaku tutje shtoi se k\u00ebt\u00eb vit vet\u00ebm 15% e buxhetit \u00ebsht\u00eb implemtuar.<\/p>\n<p>\u201cKaq e keni edhe suksesin, vet\u00ebm 15%\u201d- shtoi ai.Sipas tij, ministri dhe zv.ministri i MMPHI-se m\u00eb shum\u00eb shtyhen p\u00ebr tender\u00eb e kapen me karrige.\u201cDuket q\u00eb nuk po pajtohen dhe pastaj mungon implementimi i projekteve\u201d- tha ai.Ministri i MMPHI-s\u00eb, Liburn Aliu k\u00ebrkoi nga Lushtaku q\u00eb ai dhe partia e tij t\u00eb votojn\u00eb marr\u00ebveshjet nd\u00ebrkomb\u00ebtare n\u00eb m\u00ebnyr\u00eb q\u00eb t\u00eb ecet para me implementim t\u00eb projekteve.<\/p>\n<p>Kryeministri i Kosov\u00ebs Albin Kurti n\u00eb seanc\u00ebn e sotme plenare ku n\u00eb rend dite ishin pyetjet parlamentare deklaroi se nuk do p\u00ebrgjigjet n\u00eb pyetje t\u00eb deputet\u00ebve derisa t\u00eb votohen marr\u00ebveshjet nd\u00ebrkomb\u00ebtare.Deputetja e PDK-s\u00eb, Ganimete Musliu k\u00ebt\u00eb gj\u00eb e konsideroi se diktatur\u00eb e shantazh nga ana e qeveris\u00eb.<\/p>\n\n<div style=\"font-size: 0px; height: 0px; line-height: 0px; margin: 0; padding: 0; clear: both;\"><\/div>","protected":false},"excerpt":{"rendered":"<p>Kurti q\u00eb f\u00ebmij\u00ebt e vet i rrit jasht\u00eb Kosov\u00ebs nuk e ka ndjeshm\u00ebrin\u00eb e p\u00ebrgjegj\u00ebsis\u00eb. E kuptoj p\u00ebr secilin deputet q\u00eb t\u00eb ken\u00eb familje jasht\u00eb vendit, por&#8230; <\/p>\n","protected":false},"author":1,"featured_media":4471,"comment_status":"open","ping_status":"open","sticky":false,"template":"","format":"standard","meta":{"footnotes":""},"categories":[6],"tags":[],"class_list":["post-4470","post","type-post","status-publish","format-standard","has-post-thumbnail","hentry","category-lajme"],"_links":{"self":[{"href":"https:\/\/new.findnews5.com\/index.php?rest_route=\/wp\/v2\/posts\/4470","targetHints":{"allow":["GET"]}}],"collection":[{"href":"https:\/\/new.findnews5.com\/index.php?rest_route=\/wp\/v2\/posts"}],"about":[{"href":"https:\/\/new.findnews5.com\/index.php?rest_route=\/wp\/v2\/types\/post"}],"author":[{"embeddable":true,"href":"https:\/\/new.findnews5.com\/index.php?rest_route=\/wp\/v2\/users\/1"}],"replies":[{"embeddable":true,"href":"https:\/\/new.findnews5.com\/index.php?rest_route=%2Fwp%2Fv2%2Fcomments&post=4470"}],"version-history":[{"count":0,"href":"https:\/\/new.findnews5.com\/index.php?rest_route=\/wp\/v2\/posts\/4470\/revisions"}],"wp:featuredmedia":[{"embeddable":true,"href":"https:\/\/new.findnews5.com\/index.php?rest_route=\/wp\/v2\/media\/4471"}],"wp:attachment":[{"href":"https:\/\/new.findnews5.com\/index.php?rest_route=%2Fwp%2Fv2%2Fmedia&parent=4470"}],"wp:term":[{"taxonomy":"category","embeddable":true,"href":"https:\/\/new.findnews5.com\/index.php?rest_route=%2Fwp%2Fv2%2Fcategories&post=4470"},{"taxonomy":"post_tag","embeddable":true,"href":"https:\/\/new.findnews5.com\/index.php?rest_route=%2Fwp%2Fv2%2Ftags&post=4470"}],"curies":[{"name":"wp","href":"https:\/\/api.w.org\/{rel}","templated":true}]}}