{"id":4467,"date":"2023-10-07T09:58:55","date_gmt":"2023-10-07T09:58:55","guid":{"rendered":"https:\/\/new.findnews5.com\/?p=4467"},"modified":"2023-10-07T09:58:56","modified_gmt":"2023-10-07T09:58:56","slug":"te-djegur-nga-malli-familja-mulla-kthehet-ne-vendlindje-pas-85-vitesh","status":"publish","type":"post","link":"https:\/\/new.findnews5.com\/?p=4467","title":{"rendered":"T\u00eb djegur nga malli, familja Mulla kthehet n\u00eb vendlindje pas 85 vitesh"},"content":{"rendered":"<div class=\"78954ae5fa42b68c1393fe3da4998882\" data-index=\"1\" style=\"float: none; margin:0px 0 0px 0; text-align:center;\">\n<div data-type=\"_mgwidget\" data-widget-id=\"1576712\">\r\n<\/div>\r\n<script>(function(w,q){w[q]=w[q]||[];w[q].push([\"_mgc.load\"])})(window,\"_mgq\");\r\n<\/script>\r\n\n<\/div>\n<p>Baban\/ T\u00eb shumt\u00eb jan\u00eb shqiptar\u00ebt q\u00eb kan\u00eb ikur dhe ikin nga vendlindja e tyre, port \u00eb pakt\u00ebt jan\u00eb ata q\u00eb kan\u00eb ikur prej 85 vitesh si Remzi Mulla dhe kthehet pas kaq vitesh me familjen n\u00eb vendlindje. N\u00eb k\u00ebt\u00eb vizit\u00eb aq shum\u00eb t\u00eb pritur, Remziu shoq\u00ebrohet nga nj\u00eb pjes\u00eb e familjes s\u00eb tij q\u00eb ka krijuar n\u00eb Australi.<\/p>\n<p>Fshati Baban n\u00eb Devoll ku lindi nuk ka ndryshuar shum\u00eb, jan\u00eb po t\u00eb nj\u00ebjtat sht\u00ebpi t\u00eb vjetra dhe pak t\u00eb rinj sheh rrug\u00ebve.<\/p>\n<p>Malli p\u00ebr vendlindjen e p\u00ebrfshin Remziun sapo sheh gur\u00ebt e sht\u00ebpis\u00eb ku ka lindur. Drini, djali i vog\u00ebl i Remziut e ka vizituar Shqip\u00ebri tri her\u00eb t\u00eb tjera, ndaj k\u00ebt\u00eb her\u00eb d\u00ebshironte q\u00eb i ati t\u00eb kthehej n\u00eb atdhe.<\/p>\n<p>Remziu nuk i mban dot lot\u00ebt teksa ecen n\u00ebp\u00ebr fshat dhe sht\u00ebpi, kujtimet e tij i ka t\u00eb pakta pasi ka ikur q\u00ebkurse ishte 2 vjec. Komshinjt\u00eb dhe t\u00eb af\u00ebrmit jan\u00eb t\u00eb gatshm\u00eb ti tregojn\u00eb si jetonte familja e tij. Remziu q\u00eb kthehet pas 85 vitesh arrin t\u00eb njoh\u00eb sht\u00ebpin\u00eb e tij dhe vendin ku familja babai dhe n\u00ebna e tij e kan\u00eb lindur para se t\u00eb iknin n\u00eb Australi. Ndihet I keqardhur q\u00eb nuk ka ardhur m\u00eb p\u00ebrpara, por \u00ebsht\u00eb i lumtur q\u00eb arriti t\u00eb kthehet pas 85 vitesh n\u00eb vendin ku ka lindur.<\/p>\n<p>T\u00eb nj\u00ebjt\u00ebn dashuri p\u00ebr atdheun kan\u00eb edhe nip\u00ebrit e Remziut, t\u00eb cil\u00ebt flasin me krenari p\u00ebr origjin\u00ebn e tyre.<\/p>\n<p>Drini tregon:<\/p>\n<p>\u201cUn\u00eb jam nipi i Remziut. \u00cbsht\u00eb hera e kat\u00ebrt q\u00eb vij n\u00eb Shqip\u00ebri. M\u00eb p\u00eblqen ky vend, Shqip\u00ebria \u00ebsht\u00eb vend i bukur, ka male t\u00eb bukura. Ne kemi lindur n\u00eb Australi, por n\u00eb t\u00eb v\u00ebrtet jemi shqiptar\u00eb, nga ky vend, nga ky fshat. Nga historia e Shqip\u00ebris\u00eb njoh Sk\u00ebnderbeun, Heroin ton\u00eb Komb\u00ebtar, kam lexuar p\u00ebr t\u00eb. Njoh Tiran\u00ebn po ashtu, e kam vizituar dhe \u00ebsht\u00eb shum\u00eb e bukur, si kryeqytetet e tjera evropiane. Un\u00eb po studioj p\u00ebr inxhinieri mekanike dhe n\u00ebse m\u00eb krijohet mund\u00ebsia mund t\u00eb punoja duke jetuar n\u00eb Kor\u00e7\u00eb, sigurisht n\u00ebse do t\u00eb paguhesha mir\u00eb\u201d. Ky material ka nj\u00eb m\u00ebsazh t\u00eb madh brenda, kudo q\u00eb t\u00eb shkoni p\u00eb rasa vite t\u00eb jen\u00eb, mos harroni vendlindjen, kthehuni qoft\u00eb edhe p\u00ebr pak koh\u00eb dhe prezantouani f\u00ebmij\u00ebve dhe nip\u00ebrve. Gjaku nuk b\u00ebhet uj\u00eb.<\/p>\n\n<div style=\"font-size: 0px; height: 0px; line-height: 0px; margin: 0; padding: 0; clear: both;\"><\/div>","protected":false},"excerpt":{"rendered":"<p>Baban\/ T\u00eb shumt\u00eb jan\u00eb shqiptar\u00ebt q\u00eb kan\u00eb ikur dhe ikin nga vendlindja e tyre, port \u00eb pakt\u00ebt jan\u00eb ata q\u00eb kan\u00eb ikur prej 85 vitesh si Remzi&#8230; <\/p>\n","protected":false},"author":1,"featured_media":4468,"comment_status":"open","ping_status":"open","sticky":false,"template":"","format":"standard","meta":{"footnotes":""},"categories":[6],"tags":[],"class_list":["post-4467","post","type-post","status-publish","format-standard","has-post-thumbnail","hentry","category-lajme"],"_links":{"self":[{"href":"https:\/\/new.findnews5.com\/index.php?rest_route=\/wp\/v2\/posts\/4467","targetHints":{"allow":["GET"]}}],"collection":[{"href":"https:\/\/new.findnews5.com\/index.php?rest_route=\/wp\/v2\/posts"}],"about":[{"href":"https:\/\/new.findnews5.com\/index.php?rest_route=\/wp\/v2\/types\/post"}],"author":[{"embeddable":true,"href":"https:\/\/new.findnews5.com\/index.php?rest_route=\/wp\/v2\/users\/1"}],"replies":[{"embeddable":true,"href":"https:\/\/new.findnews5.com\/index.php?rest_route=%2Fwp%2Fv2%2Fcomments&post=4467"}],"version-history":[{"count":0,"href":"https:\/\/new.findnews5.com\/index.php?rest_route=\/wp\/v2\/posts\/4467\/revisions"}],"wp:featuredmedia":[{"embeddable":true,"href":"https:\/\/new.findnews5.com\/index.php?rest_route=\/wp\/v2\/media\/4468"}],"wp:attachment":[{"href":"https:\/\/new.findnews5.com\/index.php?rest_route=%2Fwp%2Fv2%2Fmedia&parent=4467"}],"wp:term":[{"taxonomy":"category","embeddable":true,"href":"https:\/\/new.findnews5.com\/index.php?rest_route=%2Fwp%2Fv2%2Fcategories&post=4467"},{"taxonomy":"post_tag","embeddable":true,"href":"https:\/\/new.findnews5.com\/index.php?rest_route=%2Fwp%2Fv2%2Ftags&post=4467"}],"curies":[{"name":"wp","href":"https:\/\/api.w.org\/{rel}","templated":true}]}}