{"id":4453,"date":"2023-10-06T17:33:16","date_gmt":"2023-10-06T17:33:16","guid":{"rendered":"https:\/\/new.findnews5.com\/?p=4453"},"modified":"2023-10-06T17:33:17","modified_gmt":"2023-10-06T17:33:17","slug":"te-mos-paguhen-bagazhet-ne-avion-parlamenti-europian-miraton-vendimin-e-shumepritur","status":"publish","type":"post","link":"https:\/\/new.findnews5.com\/?p=4453","title":{"rendered":"\u201cT\u00eb mos paguhen bagazhet n\u00eb avion\u201d, Parlamenti Europian miraton vendimin e shum\u00ebpritur\u2026"},"content":{"rendered":"<div class=\"78954ae5fa42b68c1393fe3da4998882\" data-index=\"1\" style=\"float: none; margin:0px 0 0px 0; text-align:center;\">\n<div data-type=\"_mgwidget\" data-widget-id=\"1576712\">\r\n<\/div>\r\n<script>(function(w,q){w[q]=w[q]||[];w[q].push([\"_mgc.load\"])})(window,\"_mgq\");\r\n<\/script>\r\n\n<\/div>\n<p>Parlamenti Europian votoi sot p\u00ebr t\u2019i dh\u00ebn\u00eb fund tarifave t\u00eb bagazheve t\u00eb dor\u00ebs n\u00eb aeroplan\u00eb, si dhe t\u00eb vendosen rregulla t\u00eb p\u00ebrbashk\u00ebta p\u00ebr dimensionet e standarde t\u00eb bagazheve t\u00eb dor\u00ebs.<\/p>\n<p>PE n\u00eb Strasburg miratoi sot nj\u00eb rezolut\u00eb jodetyruese p\u00ebr Komisionin Evropian, n\u00eb m\u00ebnyr\u00eb q\u00eb t\u00eb ket\u00eb nj\u00eb rregullore t\u00eb vetme evropiane me q\u00ebllim q\u00eb linjat ajrore q\u00eb operojn\u00eb brenda BE-s\u00eb t\u00eb heqin tarifat shtes\u00eb p\u00ebr pasagjer\u00ebt q\u00eb sjellin bagazhet e dor\u00ebs n\u00eb kabin\u00eb.<\/p>\n<p>N\u00eb t\u00eb nj\u00ebt\u00ebn koh\u00eb iu b\u00eb thirrje Komisionit Evropian t\u00eb detyroj\u00eb linjat ajrore t\u00eb zbatojn\u00eb t\u00eb nj\u00ebjtat rregulla dhe standarde n\u00eb t\u00eb gjith\u00eb BE-n\u00eb, n\u00eb lidhje me madh\u00ebsin\u00eb e bagazhit t\u00eb dor\u00ebs.<\/p>\n<p>N\u00ebse k\u00ebto rregulla zbatohen, miliona pasagjer\u00eb n\u00eb t\u00eb gjith\u00eb BE-n\u00eb do t\u00eb jen\u00eb n\u00eb gjendje t\u00eb marrin bagazhet e tyre t\u00eb dor\u00ebs n\u00eb bord falas, pa pasur nevoj\u00eb t\u00eb shqet\u00ebsohen p\u00ebr kufizimet e madh\u00ebsive dhe pesh\u00ebs s\u00eb ndryshme nga linja ajrore t\u00eb ndryshme.<\/p>\n\n<div style=\"font-size: 0px; height: 0px; line-height: 0px; margin: 0; padding: 0; clear: both;\"><\/div>","protected":false},"excerpt":{"rendered":"<p>Parlamenti Europian votoi sot p\u00ebr t\u2019i dh\u00ebn\u00eb fund tarifave t\u00eb bagazheve t\u00eb dor\u00ebs n\u00eb aeroplan\u00eb, si dhe t\u00eb vendosen rregulla t\u00eb p\u00ebrbashk\u00ebta p\u00ebr dimensionet e standarde t\u00eb&#8230; <\/p>\n","protected":false},"author":1,"featured_media":4454,"comment_status":"open","ping_status":"open","sticky":false,"template":"","format":"standard","meta":{"footnotes":""},"categories":[6],"tags":[],"class_list":["post-4453","post","type-post","status-publish","format-standard","has-post-thumbnail","hentry","category-lajme"],"_links":{"self":[{"href":"https:\/\/new.findnews5.com\/index.php?rest_route=\/wp\/v2\/posts\/4453","targetHints":{"allow":["GET"]}}],"collection":[{"href":"https:\/\/new.findnews5.com\/index.php?rest_route=\/wp\/v2\/posts"}],"about":[{"href":"https:\/\/new.findnews5.com\/index.php?rest_route=\/wp\/v2\/types\/post"}],"author":[{"embeddable":true,"href":"https:\/\/new.findnews5.com\/index.php?rest_route=\/wp\/v2\/users\/1"}],"replies":[{"embeddable":true,"href":"https:\/\/new.findnews5.com\/index.php?rest_route=%2Fwp%2Fv2%2Fcomments&post=4453"}],"version-history":[{"count":0,"href":"https:\/\/new.findnews5.com\/index.php?rest_route=\/wp\/v2\/posts\/4453\/revisions"}],"wp:featuredmedia":[{"embeddable":true,"href":"https:\/\/new.findnews5.com\/index.php?rest_route=\/wp\/v2\/media\/4454"}],"wp:attachment":[{"href":"https:\/\/new.findnews5.com\/index.php?rest_route=%2Fwp%2Fv2%2Fmedia&parent=4453"}],"wp:term":[{"taxonomy":"category","embeddable":true,"href":"https:\/\/new.findnews5.com\/index.php?rest_route=%2Fwp%2Fv2%2Fcategories&post=4453"},{"taxonomy":"post_tag","embeddable":true,"href":"https:\/\/new.findnews5.com\/index.php?rest_route=%2Fwp%2Fv2%2Ftags&post=4453"}],"curies":[{"name":"wp","href":"https:\/\/api.w.org\/{rel}","templated":true}]}}