{"id":4447,"date":"2023-10-06T17:27:30","date_gmt":"2023-10-06T17:27:30","guid":{"rendered":"https:\/\/new.findnews5.com\/?p=4447"},"modified":"2023-10-06T17:27:31","modified_gmt":"2023-10-06T17:27:31","slug":"e-bujshme-shfaqet-ne-krah-te-lindes-rama-ndaj-pamjet-nga-pritja-e-organizuar-prej","status":"publish","type":"post","link":"https:\/\/new.findnews5.com\/?p=4447","title":{"rendered":"E bujshme\/ Shfaqet n\u00eb krah t\u00eb Lind\u00ebs, Rama ndaj pamjet nga pritja e organizuar prej&#8230;"},"content":{"rendered":"<div class=\"78954ae5fa42b68c1393fe3da4998882\" data-index=\"1\" style=\"float: none; margin:0px 0 0px 0; text-align:center;\">\n<div data-type=\"_mgwidget\" data-widget-id=\"1576712\">\r\n<\/div>\r\n<script>(function(w,q){w[q]=w[q]||[];w[q].push([\"_mgc.load\"])})(window,\"_mgq\");\r\n<\/script>\r\n\n<\/div>\n<p>Kryeministri Edi Rama ka publikuar m\u00ebngjesin e sot\u00ebm pamjet nga pritjen e mbr\u00ebmshme e organizuar nga mbreti i Spanj\u00ebs Felipe VI, p\u00ebr lider\u00ebt e Komunitetit Politik Europian. Si\u00e7 shihet n\u00eb pamje, kryeministri shoq\u00ebrohej nga bashk\u00ebshortja e tij, Linda Rama, nd\u00ebrkoh\u00eb q\u00eb t\u00eb dy s\u00ebbashku kan\u00eb takuar dhe biseduar me lider\u00eb europian\u00eb.<\/p>\n<p>\u201cMIR\u00cbM\u00cbNGJES dhe me momentet e mir\u00ebseardhjes n\u00eb pritjen e mbr\u00ebmshme t\u00eb Mbretit t\u00eb Spanj\u00ebs Felipe VI, p\u00ebr lider\u00ebt e Komunitetit Politik Europian, ju uroj nj\u00eb dit\u00eb t\u00eb mbar\u00eb \u201d, shkruan Rama.<\/p>\n<p>Kujtojm\u00eb q\u00eb lider\u00ebt e Komunitetit Politik Evropian u takuan dit\u00ebn e djeshme n\u00eb Granada t\u00eb Spnj\u00ebs. Kryeminstri Rama gjat\u00eb dit\u00ebs, u pa takohej me disa nga lider\u00ebt e r\u00ebnd\u00ebsish\u00ebm, si\u00e7 \u00ebsht\u00eb kryeministri i Mbret\u00ebris\u00eb s\u00eb Bashkuar, Rishi Sunak, Presidenti i Franc\u00ebs, Emmanuele Macron apo edhe kryeministrja e Italis\u00eb, Giorgia Meloni.<\/p>\n\n<div style=\"font-size: 0px; height: 0px; line-height: 0px; margin: 0; padding: 0; clear: both;\"><\/div>","protected":false},"excerpt":{"rendered":"<p>Kryeministri Edi Rama ka publikuar m\u00ebngjesin e sot\u00ebm pamjet nga pritjen e mbr\u00ebmshme e organizuar nga mbreti i Spanj\u00ebs Felipe VI, p\u00ebr lider\u00ebt e Komunitetit Politik Europian&#8230;. <\/p>\n","protected":false},"author":1,"featured_media":4448,"comment_status":"open","ping_status":"open","sticky":false,"template":"","format":"standard","meta":{"footnotes":""},"categories":[6],"tags":[],"class_list":["post-4447","post","type-post","status-publish","format-standard","has-post-thumbnail","hentry","category-lajme"],"_links":{"self":[{"href":"https:\/\/new.findnews5.com\/index.php?rest_route=\/wp\/v2\/posts\/4447","targetHints":{"allow":["GET"]}}],"collection":[{"href":"https:\/\/new.findnews5.com\/index.php?rest_route=\/wp\/v2\/posts"}],"about":[{"href":"https:\/\/new.findnews5.com\/index.php?rest_route=\/wp\/v2\/types\/post"}],"author":[{"embeddable":true,"href":"https:\/\/new.findnews5.com\/index.php?rest_route=\/wp\/v2\/users\/1"}],"replies":[{"embeddable":true,"href":"https:\/\/new.findnews5.com\/index.php?rest_route=%2Fwp%2Fv2%2Fcomments&post=4447"}],"version-history":[{"count":0,"href":"https:\/\/new.findnews5.com\/index.php?rest_route=\/wp\/v2\/posts\/4447\/revisions"}],"wp:featuredmedia":[{"embeddable":true,"href":"https:\/\/new.findnews5.com\/index.php?rest_route=\/wp\/v2\/media\/4448"}],"wp:attachment":[{"href":"https:\/\/new.findnews5.com\/index.php?rest_route=%2Fwp%2Fv2%2Fmedia&parent=4447"}],"wp:term":[{"taxonomy":"category","embeddable":true,"href":"https:\/\/new.findnews5.com\/index.php?rest_route=%2Fwp%2Fv2%2Fcategories&post=4447"},{"taxonomy":"post_tag","embeddable":true,"href":"https:\/\/new.findnews5.com\/index.php?rest_route=%2Fwp%2Fv2%2Ftags&post=4447"}],"curies":[{"name":"wp","href":"https:\/\/api.w.org\/{rel}","templated":true}]}}