{"id":4444,"date":"2023-10-06T17:24:38","date_gmt":"2023-10-06T17:24:38","guid":{"rendered":"https:\/\/new.findnews5.com\/?p=4444"},"modified":"2023-10-06T17:24:39","modified_gmt":"2023-10-06T17:24:39","slug":"anetaresimi-i-shqiperise-ne-be-po-ndodh-zyrtari-i-larte-i-be-jemi-gati-te","status":"publish","type":"post","link":"https:\/\/new.findnews5.com\/?p=4444","title":{"rendered":"\u201cAn\u00ebtar\u00ebsimi i Shqip\u00ebris\u00eb n\u00eb BE po ndodh\u201d, zyrtari i lart\u00eb i BE: Jemi gati t\u00eb&#8230;"},"content":{"rendered":"<div class=\"78954ae5fa42b68c1393fe3da4998882\" data-index=\"1\" style=\"float: none; margin:0px 0 0px 0; text-align:center;\">\n<div data-type=\"_mgwidget\" data-widget-id=\"1576712\">\r\n<\/div>\r\n<script>(function(w,q){w[q]=w[q]||[];w[q].push([\"_mgc.load\"])})(window,\"_mgq\");\r\n<\/script>\r\n\n<\/div>\n<p>Ministrat e jasht\u00ebm t\u00eb vendeve t\u00eb Procesit t\u00eb Berlinit mblidhen sot n\u00eb Tiran\u00eb, me pjes\u00ebmarrjen e 24 delegacioneve.<br \/>\nKomisioneri p\u00ebr Zgjerimin i BE-s\u00eb, Oliver Varhelyi ka deklaruar se an\u00ebtar\u00ebsimi i Shqip\u00ebris\u00eb n\u00eb BE po ndodh. Ai u shpreh se q\u00eb nga 1 janari i vitit t\u00eb ardhsh\u00ebm BE \u00ebsht\u00eb gati t\u00eb p\u00ebr t\u00eb pritur shtetet e reja t\u00eb Ballkanit Per\u00ebndimor.<\/p>\n<p>\u201cN\u00eb dhjetor kur pat\u00ebm samitin e par\u00eb t\u00eb BE-s\u00eb q\u00eb ndodhi n\u00eb nj\u00eb ka vendet kandidate t\u00eb Ballkanit Per\u00ebndimor, pra k\u00ebtu n\u00eb Tiran\u00eb, kryeministri Rama erdhi dhe biseduam p\u00ebr k\u00ebt\u00eb ide dhe tha q\u00eb ne n\u00eb Tiran\u00eb duam t\u00eb kemi kampusin e ri t\u00eb Kolegjit t\u00eb Europ\u00ebs. Ka nj\u00eb shenj\u00eb m\u00eb t\u00eb mir\u00eb dhe m\u00eb t\u00eb qart\u00eb se Shqip\u00ebria po b\u00ebhet shtet an\u00ebtar i BE-s\u00eb sesa sjellja e kolegjit t\u00eb Europ\u00ebs n\u00eb Tiran\u00eb.<\/p>\n<p>N\u00ebse shikojm\u00eb historin\u00eb e Europ\u00ebs Qendrore dhe Lindore, p\u00ebr shembull Natolini u krijua n\u00eb vitin 1992, pra dy vjet pas r\u00ebnies s\u00eb murit t\u00eb Berlinit, pas r\u00ebnies s\u00eb perdes s\u00eb hekurt, k\u00ebshtu q\u00eb po t\u00eb b\u00ebjm\u00eb disa llogaritje i bie q\u00eb mesazhi dhe ideja kryesore \u00ebsht\u00eb q\u00eb ky \u00ebsht\u00eb nj\u00eb sinjal i qart\u00eb q\u00eb an\u00ebtar\u00ebsimi i Shqip\u00ebris\u00eb n\u00eb BE po ndodh! Ky \u00ebsht\u00eb plani i rritjes q\u00eb do t\u00eb b\u00ebjm\u00eb sot p\u00ebr t\u00eb p\u00ebrshpejtuar zgjerimin q\u00eb nga data 1 janar i vitit t\u00eb ardhsh\u00ebm n\u00eb m\u00ebnyr\u00eb q\u00eb ne t\u00eb jemi gati p\u00ebr t\u00eb pritur shtetet e reja t\u00eb BE, sepse ne jemi gati p\u00ebr t\u2019i pritur ato, p\u00ebr t\u2019ju pritur juve\u201d, tha Varhelyi.<\/p>\n\n<div style=\"font-size: 0px; height: 0px; line-height: 0px; margin: 0; padding: 0; clear: both;\"><\/div>","protected":false},"excerpt":{"rendered":"<p>Ministrat e jasht\u00ebm t\u00eb vendeve t\u00eb Procesit t\u00eb Berlinit mblidhen sot n\u00eb Tiran\u00eb, me pjes\u00ebmarrjen e 24 delegacioneve. Komisioneri p\u00ebr Zgjerimin i BE-s\u00eb, Oliver Varhelyi ka deklaruar&#8230; <\/p>\n","protected":false},"author":1,"featured_media":4445,"comment_status":"open","ping_status":"open","sticky":false,"template":"","format":"standard","meta":{"footnotes":""},"categories":[6],"tags":[],"class_list":["post-4444","post","type-post","status-publish","format-standard","has-post-thumbnail","hentry","category-lajme"],"_links":{"self":[{"href":"https:\/\/new.findnews5.com\/index.php?rest_route=\/wp\/v2\/posts\/4444","targetHints":{"allow":["GET"]}}],"collection":[{"href":"https:\/\/new.findnews5.com\/index.php?rest_route=\/wp\/v2\/posts"}],"about":[{"href":"https:\/\/new.findnews5.com\/index.php?rest_route=\/wp\/v2\/types\/post"}],"author":[{"embeddable":true,"href":"https:\/\/new.findnews5.com\/index.php?rest_route=\/wp\/v2\/users\/1"}],"replies":[{"embeddable":true,"href":"https:\/\/new.findnews5.com\/index.php?rest_route=%2Fwp%2Fv2%2Fcomments&post=4444"}],"version-history":[{"count":0,"href":"https:\/\/new.findnews5.com\/index.php?rest_route=\/wp\/v2\/posts\/4444\/revisions"}],"wp:featuredmedia":[{"embeddable":true,"href":"https:\/\/new.findnews5.com\/index.php?rest_route=\/wp\/v2\/media\/4445"}],"wp:attachment":[{"href":"https:\/\/new.findnews5.com\/index.php?rest_route=%2Fwp%2Fv2%2Fmedia&parent=4444"}],"wp:term":[{"taxonomy":"category","embeddable":true,"href":"https:\/\/new.findnews5.com\/index.php?rest_route=%2Fwp%2Fv2%2Fcategories&post=4444"},{"taxonomy":"post_tag","embeddable":true,"href":"https:\/\/new.findnews5.com\/index.php?rest_route=%2Fwp%2Fv2%2Ftags&post=4444"}],"curies":[{"name":"wp","href":"https:\/\/api.w.org\/{rel}","templated":true}]}}