{"id":4441,"date":"2023-10-06T17:19:02","date_gmt":"2023-10-06T17:19:02","guid":{"rendered":"https:\/\/new.findnews5.com\/?p=4441"},"modified":"2023-10-06T17:19:04","modified_gmt":"2023-10-06T17:19:04","slug":"tensionet-ne-veri-abazovic-i-del-ne-krah-rames-qellimi-i-tij-per-kosoven-eshte","status":"publish","type":"post","link":"https:\/\/new.findnews5.com\/?p=4441","title":{"rendered":"Tensionet n\u00eb veri\/ Abazovi\u00e7 i del n\u00eb krah Ram\u00ebs: Q\u00ebllimi i tij p\u00ebr Kosov\u00ebn \u00ebsht\u00eb\u2026"},"content":{"rendered":"<div class=\"78954ae5fa42b68c1393fe3da4998882\" data-index=\"1\" style=\"float: none; margin:0px 0 0px 0; text-align:center;\">\n<div data-type=\"_mgwidget\" data-widget-id=\"1576712\">\r\n<\/div>\r\n<script>(function(w,q){w[q]=w[q]||[];w[q].push([\"_mgc.load\"])})(window,\"_mgq\");\r\n<\/script>\r\n\n<\/div>\n<p>Kryeministri i Malit t\u00eb Zi, Dritan Abazovi\u00e7 \u00ebsht\u00eb i bindur se \u00e7do p\u00ebrpjekje e kryeministrit Edi Rama shkon p\u00ebr t\u00eb pasur nj\u00eb rajon n\u00eb paqe.<\/p>\n<p>N\u00eb nj\u00eb prononcim p\u00ebr mediat pas p\u00ebrfundimit t\u00eb mbledhjes s\u00eb Ministerialit t\u00eb Ministrave t\u00eb Jasht\u00ebm t\u00eb Procesit t\u00eb Berlinit n\u00eb Tiran\u00eb, Abazovi\u00e7 shprehet se fokusi i kryeministrit Rama n\u00eb \u00e7do aktivitet nd\u00ebrkomb\u00ebtar \u00ebsht\u00eb bashk\u00ebpunimi, paqja dhe progresi.<\/p>\n<p>Pyetje: A mendoni edhe ju se veriu i Kosov\u00ebs \u00ebsht\u00eb tok\u00eb e askujt apo e Republik\u00ebs s\u00eb Kosov\u00ebs?<\/p>\n<p>Dritan Abazovi\u00e7: \u201cMali i Zi ka njohur Kosov\u00ebn n\u00eb kufijt\u00eb q\u00eb jan\u00eb t\u00eb pranueshme, si t\u00eb gjith\u00eb shtetet q\u00eb e kan\u00eb njohur Kosov\u00ebn. Dakord jemi me \u00e7do aktivitet t\u00eb KFOR-it dhe t\u00eb tjer\u00ebve q\u00eb japin kontribut. Jam i bindur se veprimet e Ram\u00ebs dhe \u00e7do aktivitet i tij nd\u00ebrkomb\u00ebtar q\u00eb \u00ebsht\u00eb jasht\u00ebzakonisht i madh, shkojn\u00eb q\u00eb t\u00eb gjendet modaliteti, t\u00eb gjendet paqe dhe t\u00eb shkojm\u00eb n\u00eb progres. Nuk i takoj politikan\u00ebve q\u00eb do t\u00eb nis\u00eb kritika ndaj Ram\u00ebs pasi jam m\u00ebse i bindur se \u00e7do veprim i tij pa marr\u00eb parasysh si intepretohet, shkon vet\u00ebm si t\u00eb kemi nj\u00eb rajon ku ka p\u00ebr t\u00eb qen\u00eb fokusi n\u00eb bashk\u00ebpunim dhe paqe\u201c<\/p>\n\n<div style=\"font-size: 0px; height: 0px; line-height: 0px; margin: 0; padding: 0; clear: both;\"><\/div>","protected":false},"excerpt":{"rendered":"<p>Kryeministri i Malit t\u00eb Zi, Dritan Abazovi\u00e7 \u00ebsht\u00eb i bindur se \u00e7do p\u00ebrpjekje e kryeministrit Edi Rama shkon p\u00ebr t\u00eb pasur nj\u00eb rajon n\u00eb paqe. N\u00eb nj\u00eb&#8230; <\/p>\n","protected":false},"author":1,"featured_media":4442,"comment_status":"open","ping_status":"open","sticky":false,"template":"","format":"standard","meta":{"footnotes":""},"categories":[6],"tags":[],"class_list":["post-4441","post","type-post","status-publish","format-standard","has-post-thumbnail","hentry","category-lajme"],"_links":{"self":[{"href":"https:\/\/new.findnews5.com\/index.php?rest_route=\/wp\/v2\/posts\/4441","targetHints":{"allow":["GET"]}}],"collection":[{"href":"https:\/\/new.findnews5.com\/index.php?rest_route=\/wp\/v2\/posts"}],"about":[{"href":"https:\/\/new.findnews5.com\/index.php?rest_route=\/wp\/v2\/types\/post"}],"author":[{"embeddable":true,"href":"https:\/\/new.findnews5.com\/index.php?rest_route=\/wp\/v2\/users\/1"}],"replies":[{"embeddable":true,"href":"https:\/\/new.findnews5.com\/index.php?rest_route=%2Fwp%2Fv2%2Fcomments&post=4441"}],"version-history":[{"count":0,"href":"https:\/\/new.findnews5.com\/index.php?rest_route=\/wp\/v2\/posts\/4441\/revisions"}],"wp:featuredmedia":[{"embeddable":true,"href":"https:\/\/new.findnews5.com\/index.php?rest_route=\/wp\/v2\/media\/4442"}],"wp:attachment":[{"href":"https:\/\/new.findnews5.com\/index.php?rest_route=%2Fwp%2Fv2%2Fmedia&parent=4441"}],"wp:term":[{"taxonomy":"category","embeddable":true,"href":"https:\/\/new.findnews5.com\/index.php?rest_route=%2Fwp%2Fv2%2Fcategories&post=4441"},{"taxonomy":"post_tag","embeddable":true,"href":"https:\/\/new.findnews5.com\/index.php?rest_route=%2Fwp%2Fv2%2Ftags&post=4441"}],"curies":[{"name":"wp","href":"https:\/\/api.w.org\/{rel}","templated":true}]}}