{"id":4438,"date":"2023-10-06T17:16:28","date_gmt":"2023-10-06T17:16:28","guid":{"rendered":"https:\/\/new.findnews5.com\/?p=4438"},"modified":"2023-10-06T17:16:30","modified_gmt":"2023-10-06T17:16:30","slug":"firmoset-marreveshja-rama-e-zbulon-moment-historik-ne-tirane-do-hapet","status":"publish","type":"post","link":"https:\/\/new.findnews5.com\/?p=4438","title":{"rendered":"\u201cFirmoset marr\u00ebveshja\u201d\/ Rama e zbulon: Moment historik! N\u00eb Tiran\u00eb do hapet&#8230;"},"content":{"rendered":"<div class=\"78954ae5fa42b68c1393fe3da4998882\" data-index=\"1\" style=\"float: none; margin:0px 0 0px 0; text-align:center;\">\n<div data-type=\"_mgwidget\" data-widget-id=\"1576712\">\r\n<\/div>\r\n<script>(function(w,q){w[q]=w[q]||[];w[q].push([\"_mgc.load\"])})(window,\"_mgq\");\r\n<\/script>\r\n\n<\/div>\n<p>Kryeministri Edi Rama njofton se sot \u00ebsht\u00eb finalizuar n\u00ebnshkrimi i marr\u00ebveshjes p\u00ebr hapjen n\u00eb Tiran\u00eb t\u00eb Kampusit t\u00eb Kolegjit t\u00eb Europ\u00ebs.<br \/>\nKreu i qeveris\u00eb shqiptare e ka quajtur nj\u00eb moment historik ngjarjen e sotme n\u00eb kuad\u00ebr t\u00eb nd\u00ebrkomb\u00ebtar\u00ebzimit t\u00eb universiteteve.<\/p>\n<p>\u201cU finalizua sot n\u00ebnshkrimi i marr\u00ebveshjes p\u00ebr hapjen n\u00eb Tiran\u00eb t\u00eb Kampusit t\u00eb Kolegjit t\u00eb Europ\u00ebs, nj\u00eb moment historik, n\u00eb kuad\u00ebr t\u00eb nd\u00ebrkomb\u00ebtarizimit t\u00eb universiteteve dhe t\u00eb p\u00ebrafrimit me Bashkimin Europian\u201d, shkruan Rama.<\/p>\n<p>Kolegji i Europ\u00ebs, nj\u00eb nga institucionet kryesore n\u00eb zhvillimin dhe promovimin e projektit europian, do t\u00eb vendoset n\u00eb nj\u00eb nga simbolet e transformuara t\u00eb kryeqytetit, te Piramida, nd\u00ebrtes\u00eb q\u00eb po merr nj\u00eb pamje t\u00eb re, p\u00ebr t\u2019u shnd\u00ebrruar n\u00eb qendr\u00ebn e teknologjis\u00eb dhe informacionit p\u00ebr Ballkanin Per\u00ebndimor.<\/p>\n\n<div style=\"font-size: 0px; height: 0px; line-height: 0px; margin: 0; padding: 0; clear: both;\"><\/div>","protected":false},"excerpt":{"rendered":"<p>Kryeministri Edi Rama njofton se sot \u00ebsht\u00eb finalizuar n\u00ebnshkrimi i marr\u00ebveshjes p\u00ebr hapjen n\u00eb Tiran\u00eb t\u00eb Kampusit t\u00eb Kolegjit t\u00eb Europ\u00ebs. Kreu i qeveris\u00eb shqiptare e ka&#8230; <\/p>\n","protected":false},"author":1,"featured_media":4439,"comment_status":"open","ping_status":"open","sticky":false,"template":"","format":"standard","meta":{"footnotes":""},"categories":[6],"tags":[],"class_list":["post-4438","post","type-post","status-publish","format-standard","has-post-thumbnail","hentry","category-lajme"],"_links":{"self":[{"href":"https:\/\/new.findnews5.com\/index.php?rest_route=\/wp\/v2\/posts\/4438","targetHints":{"allow":["GET"]}}],"collection":[{"href":"https:\/\/new.findnews5.com\/index.php?rest_route=\/wp\/v2\/posts"}],"about":[{"href":"https:\/\/new.findnews5.com\/index.php?rest_route=\/wp\/v2\/types\/post"}],"author":[{"embeddable":true,"href":"https:\/\/new.findnews5.com\/index.php?rest_route=\/wp\/v2\/users\/1"}],"replies":[{"embeddable":true,"href":"https:\/\/new.findnews5.com\/index.php?rest_route=%2Fwp%2Fv2%2Fcomments&post=4438"}],"version-history":[{"count":0,"href":"https:\/\/new.findnews5.com\/index.php?rest_route=\/wp\/v2\/posts\/4438\/revisions"}],"wp:featuredmedia":[{"embeddable":true,"href":"https:\/\/new.findnews5.com\/index.php?rest_route=\/wp\/v2\/media\/4439"}],"wp:attachment":[{"href":"https:\/\/new.findnews5.com\/index.php?rest_route=%2Fwp%2Fv2%2Fmedia&parent=4438"}],"wp:term":[{"taxonomy":"category","embeddable":true,"href":"https:\/\/new.findnews5.com\/index.php?rest_route=%2Fwp%2Fv2%2Fcategories&post=4438"},{"taxonomy":"post_tag","embeddable":true,"href":"https:\/\/new.findnews5.com\/index.php?rest_route=%2Fwp%2Fv2%2Ftags&post=4438"}],"curies":[{"name":"wp","href":"https:\/\/api.w.org\/{rel}","templated":true}]}}