{"id":4432,"date":"2023-10-05T23:47:55","date_gmt":"2023-10-05T23:47:55","guid":{"rendered":"https:\/\/new.findnews5.com\/?p=4432"},"modified":"2023-10-05T23:47:56","modified_gmt":"2023-10-05T23:47:56","slug":"vdekja-e-3-vjecarit-pas-nderhyrjes-dentare-flet-mjeku-roland-xhaxho-prinderit-firmosen-per-kryerjen-e-anestezise-femija-kishte-infeksion","status":"publish","type":"post","link":"https:\/\/new.findnews5.com\/?p=4432","title":{"rendered":"Vdekja e 3-vje\u00e7arit pas nd\u00ebrhyrjes dentare, flet mjeku Roland Xhaxho: Prind\u00ebrit firmos\u00ebn p\u00ebr kryerjen e anestezis\u00eb, f\u00ebmija kishte infeksion"},"content":{"rendered":"<div class=\"78954ae5fa42b68c1393fe3da4998882\" data-index=\"1\" style=\"float: none; margin:0px 0 0px 0; text-align:center;\">\n<div data-type=\"_mgwidget\" data-widget-id=\"1576712\">\r\n<\/div>\r\n<script>(function(w,q){w[q]=w[q]||[];w[q].push([\"_mgc.load\"])})(window,\"_mgq\");\r\n<\/script>\r\n\n<\/div>\n<p>Reagon mjeku anestezist Roland Xhaxho pas vdekjes s\u00eb 3-vje\u00e7arit, pak dit\u00eb pas nj\u00eb nd\u00ebrhyrjeje dentare me anestezi totale.<\/p>\n<p>Ai thot\u00eb se ka kryer detyr\u00ebn dhe se prind\u00ebrit kan\u00eb firmosur p\u00ebr kryerjen e anestezis\u00eb, kjo pasi sipas tij djali kishte lindur me probleme n\u00eb zem\u00ebr, p\u00ebr t\u00eb cilin, sipas Xhaxhos, \u00ebsht\u00eb operuar rreth 2 vite m\u00eb par\u00eb.<\/p>\n<p>\u201cF\u00ebmija kreu n\u00eb klinik\u00eb procedurat detare n\u00ebn anestezi t\u00eb p\u00ebrgjithshme ashtu si\u00e7 ishim sqaruar me prind\u00ebrit t\u00eb cil\u00ebt jan\u00eb firmosur edhe konsensusin. Pse u zgjodh kjo m\u00ebnyr\u00eb trajtimi? Sepse djali ka lindur me defekt n\u00eb zem\u00ebr p\u00ebr t\u00eb cilin \u00ebsht\u00eb operuar rreth 2 vite m\u00eb par\u00eb.<\/p>\n<p>Rekomandimi kryesor n\u00eb k\u00ebto raste \u00ebsht\u00eb evitimi i \u00e7do vatre infeksioni te k\u00ebta f\u00ebmij\u00eb sepse shkakton infeksione t\u00eb dh\u00ebmb\u00ebve t\u00eb cilat n\u00eb m\u00ebnyr\u00eb absolute duheshin kuruar brenda nj\u00eb seance n\u00eb m\u00ebnyr\u00eb q\u00eb t\u00eb evitohej p\u00ebrhapja e infeksioneve. Djali ka dal\u00eb nga klinika i zgjuar n\u00eb krah\u00ebt e babait t\u00eb tij\u201d, deklaron ai.<\/p>\n<p>Kujtojm\u00eb se prind\u00ebrit e vog\u00eblushit kan\u00eb akuzuar mjekun, duke deklaruar se i \u00ebsht\u00eb aplikuar doz\u00eb e lart\u00eb narkoze.<\/p>\n\n<div style=\"font-size: 0px; height: 0px; line-height: 0px; margin: 0; padding: 0; clear: both;\"><\/div>","protected":false},"excerpt":{"rendered":"<p>Reagon mjeku anestezist Roland Xhaxho pas vdekjes s\u00eb 3-vje\u00e7arit, pak dit\u00eb pas nj\u00eb nd\u00ebrhyrjeje dentare me anestezi totale. Ai thot\u00eb se ka kryer detyr\u00ebn dhe se prind\u00ebrit&#8230; <\/p>\n","protected":false},"author":1,"featured_media":4433,"comment_status":"open","ping_status":"open","sticky":false,"template":"","format":"standard","meta":{"footnotes":""},"categories":[6],"tags":[],"class_list":["post-4432","post","type-post","status-publish","format-standard","has-post-thumbnail","hentry","category-lajme"],"_links":{"self":[{"href":"https:\/\/new.findnews5.com\/index.php?rest_route=\/wp\/v2\/posts\/4432","targetHints":{"allow":["GET"]}}],"collection":[{"href":"https:\/\/new.findnews5.com\/index.php?rest_route=\/wp\/v2\/posts"}],"about":[{"href":"https:\/\/new.findnews5.com\/index.php?rest_route=\/wp\/v2\/types\/post"}],"author":[{"embeddable":true,"href":"https:\/\/new.findnews5.com\/index.php?rest_route=\/wp\/v2\/users\/1"}],"replies":[{"embeddable":true,"href":"https:\/\/new.findnews5.com\/index.php?rest_route=%2Fwp%2Fv2%2Fcomments&post=4432"}],"version-history":[{"count":0,"href":"https:\/\/new.findnews5.com\/index.php?rest_route=\/wp\/v2\/posts\/4432\/revisions"}],"wp:featuredmedia":[{"embeddable":true,"href":"https:\/\/new.findnews5.com\/index.php?rest_route=\/wp\/v2\/media\/4433"}],"wp:attachment":[{"href":"https:\/\/new.findnews5.com\/index.php?rest_route=%2Fwp%2Fv2%2Fmedia&parent=4432"}],"wp:term":[{"taxonomy":"category","embeddable":true,"href":"https:\/\/new.findnews5.com\/index.php?rest_route=%2Fwp%2Fv2%2Fcategories&post=4432"},{"taxonomy":"post_tag","embeddable":true,"href":"https:\/\/new.findnews5.com\/index.php?rest_route=%2Fwp%2Fv2%2Ftags&post=4432"}],"curies":[{"name":"wp","href":"https:\/\/api.w.org\/{rel}","templated":true}]}}