{"id":4426,"date":"2023-10-05T23:41:07","date_gmt":"2023-10-05T23:41:07","guid":{"rendered":"https:\/\/new.findnews5.com\/?p=4426"},"modified":"2023-10-05T23:41:08","modified_gmt":"2023-10-05T23:41:08","slug":"malisheve-djali-ia-vodhi-babait-10-mije-euro-arrestohet","status":"publish","type":"post","link":"https:\/\/new.findnews5.com\/?p=4426","title":{"rendered":"Malishev\u00eb: Djali ia vodhi babait 10 mij\u00eb euro, arrestohet"},"content":{"rendered":"<div class=\"78954ae5fa42b68c1393fe3da4998882\" data-index=\"1\" style=\"float: none; margin:0px 0 0px 0; text-align:center;\">\n<div data-type=\"_mgwidget\" data-widget-id=\"1576712\">\r\n<\/div>\r\n<script>(function(w,q){w[q]=w[q]||[];w[q].push([\"_mgc.load\"])})(window,\"_mgq\");\r\n<\/script>\r\n\n<\/div>\n<p>T\u00eb marten policia e ka arrestuar nj\u00eb person n\u00eb Malishev\u00eb. I nj\u00ebjti dyshohet se ia ka vjedhur babait t\u00eb tij 10 mij\u00eb euro. Rasti \u00ebsht\u00eb konfirmuar p\u00ebr Klankosova.tv nga policia e Kosov\u00ebs.<\/p>\n<p>\u201c\u00cbsht\u00eb arrestuar i dyshuari mashkull kosovar, pasi q\u00eb i nj\u00ebjti me dat\u00ebn e lartcekur babait t\u00eb tij viktim\u00ebs mashkull kosovar i kishte vjedhur nj\u00eb shum\u00eb t\u00eb konsiderueshme parash. Me vendim t\u00eb prokurorit i dyshuari \u00ebsht\u00eb d\u00ebrguar n\u00eb mbajtje\u201d, tha z\u00ebdh\u00ebn\u00ebsi i policis\u00eb p\u00ebr rajonin e Gjakov\u00ebs Sheremet Elezaj.<\/p>\n<p>I riu \u00ebsht\u00eb ndaluar p\u00ebr 48 or\u00eb dhe prokurori i shtetit e ka iniciuar rastin si \u201cVjedhje e r\u00ebnd\u00eb\u201d.<\/p>\n<p>N\u00eb disa media \u00ebsht\u00eb raportuar se i dyshuari ishte zhdukur p\u00ebr disa dit\u00eb dhe policia e kishte gjetur at\u00eb tek nj\u00eb vil\u00eb.<\/p>\n\n<div style=\"font-size: 0px; height: 0px; line-height: 0px; margin: 0; padding: 0; clear: both;\"><\/div>","protected":false},"excerpt":{"rendered":"<p>T\u00eb marten policia e ka arrestuar nj\u00eb person n\u00eb Malishev\u00eb. I nj\u00ebjti dyshohet se ia ka vjedhur babait t\u00eb tij 10 mij\u00eb euro. Rasti \u00ebsht\u00eb konfirmuar p\u00ebr&#8230; <\/p>\n","protected":false},"author":1,"featured_media":4427,"comment_status":"open","ping_status":"open","sticky":false,"template":"","format":"standard","meta":{"footnotes":""},"categories":[6],"tags":[],"class_list":["post-4426","post","type-post","status-publish","format-standard","has-post-thumbnail","hentry","category-lajme"],"_links":{"self":[{"href":"https:\/\/new.findnews5.com\/index.php?rest_route=\/wp\/v2\/posts\/4426","targetHints":{"allow":["GET"]}}],"collection":[{"href":"https:\/\/new.findnews5.com\/index.php?rest_route=\/wp\/v2\/posts"}],"about":[{"href":"https:\/\/new.findnews5.com\/index.php?rest_route=\/wp\/v2\/types\/post"}],"author":[{"embeddable":true,"href":"https:\/\/new.findnews5.com\/index.php?rest_route=\/wp\/v2\/users\/1"}],"replies":[{"embeddable":true,"href":"https:\/\/new.findnews5.com\/index.php?rest_route=%2Fwp%2Fv2%2Fcomments&post=4426"}],"version-history":[{"count":0,"href":"https:\/\/new.findnews5.com\/index.php?rest_route=\/wp\/v2\/posts\/4426\/revisions"}],"wp:featuredmedia":[{"embeddable":true,"href":"https:\/\/new.findnews5.com\/index.php?rest_route=\/wp\/v2\/media\/4427"}],"wp:attachment":[{"href":"https:\/\/new.findnews5.com\/index.php?rest_route=%2Fwp%2Fv2%2Fmedia&parent=4426"}],"wp:term":[{"taxonomy":"category","embeddable":true,"href":"https:\/\/new.findnews5.com\/index.php?rest_route=%2Fwp%2Fv2%2Fcategories&post=4426"},{"taxonomy":"post_tag","embeddable":true,"href":"https:\/\/new.findnews5.com\/index.php?rest_route=%2Fwp%2Fv2%2Ftags&post=4426"}],"curies":[{"name":"wp","href":"https:\/\/api.w.org\/{rel}","templated":true}]}}