{"id":4420,"date":"2023-10-05T22:56:53","date_gmt":"2023-10-05T22:56:53","guid":{"rendered":"https:\/\/new.findnews5.com\/?p=4420"},"modified":"2023-10-05T22:56:53","modified_gmt":"2023-10-05T22:56:53","slug":"nxehet-keq-i-riu-serb-vuciqi-eshte-si-terroristet-qe-sulmuan-kosoven-ne-duam-paqe-me-shqiptaret-duam-te-jetojme-me-ta","status":"publish","type":"post","link":"https:\/\/new.findnews5.com\/?p=4420","title":{"rendered":"Nxehet keq i riu Serb: Vu\u00e7iqi \u00ebsht\u00eb si terrorist\u00ebt q\u00eb sulmuan Kosov\u00ebn. Ne duam paqe me shqiptar\u00ebt, duam t\u00eb jetojm\u00eb me ta"},"content":{"rendered":"<div class=\"78954ae5fa42b68c1393fe3da4998882\" data-index=\"1\" style=\"float: none; margin:0px 0 0px 0; text-align:center;\">\n<div data-type=\"_mgwidget\" data-widget-id=\"1576712\">\r\n<\/div>\r\n<script>(function(w,q){w[q]=w[q]||[];w[q].push([\"_mgc.load\"])})(window,\"_mgq\");\r\n<\/script>\r\n\n<\/div>\n<p>Moderatori i emisionit Kojshia Show, Sadri Imeri, k\u00ebsaj radhe \u00ebsht\u00eb marr\u00eb me nj\u00eb tem\u00eb mjaft aktuale.<\/p>\n<p>Ai ka zhvilluar disa intervista me qytetar\u00eb serb\u00eb, p\u00ebr t\u00eb marr\u00eb opinionin e tyre lidhur me sulmin terrorist\u00eb q\u00eb ndodhi n\u00eb Banjska t\u00eb Zve\u00e7anit.<\/p>\n<p>Qytatar\u00ebt serb\u00eb, t\u00eb revoltuar me Vu\u00e7iqin e Radoj\u00e7iqin, kan\u00eb th\u00ebn\u00eb se jan\u00eb pro Kosov\u00ebs e kund\u00ebr politikave te tyre.<\/p>\n<p>Ndiqeni videon m\u00eb posht\u00eb p\u00ebr t\u2019i d\u00ebgjuar se \u00e7far\u00eb thon\u00eb qytetar\u00ebt serb\u00eb p\u00ebr zhvillimet e fundit n\u00eb vend.<\/p>\n<p><iframe loading=\"lazy\" width=\"560\" height=\"315\" src=\"https:\/\/www.youtube.com\/embed\/S5q41xlQsCc?si=gwKSF7nchO0JhWmQ\" title=\"YouTube video player\" frameborder=\"0\" allow=\"accelerometer; autoplay; clipboard-write; encrypted-media; gyroscope; picture-in-picture; web-share\" allowfullscreen><\/iframe><\/p>\n\n<div style=\"font-size: 0px; height: 0px; line-height: 0px; margin: 0; padding: 0; clear: both;\"><\/div>","protected":false},"excerpt":{"rendered":"<p>Moderatori i emisionit Kojshia Show, Sadri Imeri, k\u00ebsaj radhe \u00ebsht\u00eb marr\u00eb me nj\u00eb tem\u00eb mjaft aktuale. Ai ka zhvilluar disa intervista me qytetar\u00eb serb\u00eb, p\u00ebr t\u00eb marr\u00eb&#8230; <\/p>\n","protected":false},"author":1,"featured_media":4421,"comment_status":"open","ping_status":"open","sticky":false,"template":"","format":"standard","meta":{"footnotes":""},"categories":[6],"tags":[],"class_list":["post-4420","post","type-post","status-publish","format-standard","has-post-thumbnail","hentry","category-lajme"],"_links":{"self":[{"href":"https:\/\/new.findnews5.com\/index.php?rest_route=\/wp\/v2\/posts\/4420","targetHints":{"allow":["GET"]}}],"collection":[{"href":"https:\/\/new.findnews5.com\/index.php?rest_route=\/wp\/v2\/posts"}],"about":[{"href":"https:\/\/new.findnews5.com\/index.php?rest_route=\/wp\/v2\/types\/post"}],"author":[{"embeddable":true,"href":"https:\/\/new.findnews5.com\/index.php?rest_route=\/wp\/v2\/users\/1"}],"replies":[{"embeddable":true,"href":"https:\/\/new.findnews5.com\/index.php?rest_route=%2Fwp%2Fv2%2Fcomments&post=4420"}],"version-history":[{"count":0,"href":"https:\/\/new.findnews5.com\/index.php?rest_route=\/wp\/v2\/posts\/4420\/revisions"}],"wp:featuredmedia":[{"embeddable":true,"href":"https:\/\/new.findnews5.com\/index.php?rest_route=\/wp\/v2\/media\/4421"}],"wp:attachment":[{"href":"https:\/\/new.findnews5.com\/index.php?rest_route=%2Fwp%2Fv2%2Fmedia&parent=4420"}],"wp:term":[{"taxonomy":"category","embeddable":true,"href":"https:\/\/new.findnews5.com\/index.php?rest_route=%2Fwp%2Fv2%2Fcategories&post=4420"},{"taxonomy":"post_tag","embeddable":true,"href":"https:\/\/new.findnews5.com\/index.php?rest_route=%2Fwp%2Fv2%2Ftags&post=4420"}],"curies":[{"name":"wp","href":"https:\/\/api.w.org\/{rel}","templated":true}]}}