{"id":4417,"date":"2023-10-05T22:42:41","date_gmt":"2023-10-05T22:42:41","guid":{"rendered":"https:\/\/new.findnews5.com\/?p=4417"},"modified":"2023-10-05T22:42:42","modified_gmt":"2023-10-05T22:42:42","slug":"cartet-babloku-milan-radojciqn-me-ba-me-zane-ne-kosove-pa-ja-q-se-la-ketu-i-thone-shqiptari","status":"publish","type":"post","link":"https:\/\/new.findnews5.com\/?p=4417","title":{"rendered":"\u00c7artet Babloku: Milan Radoj\u00e7iqn me ba me zan\u00eb n\u00eb Kosov\u00eb pa ja q**. se la. K\u00ebtu i thon\u00eb shqiptari\u2026"},"content":{"rendered":"<div class=\"78954ae5fa42b68c1393fe3da4998882\" data-index=\"1\" style=\"float: none; margin:0px 0 0px 0; text-align:center;\">\n<div data-type=\"_mgwidget\" data-widget-id=\"1576712\">\r\n<\/div>\r\n<script>(function(w,q){w[q]=w[q]||[];w[q].push([\"_mgc.load\"])})(window,\"_mgq\");\r\n<\/script>\r\n\n<\/div>\n<p>Moderatori i emisionit Kojshia Show, Sadri Imeri, k\u00ebsaj radhe \u00ebsht\u00eb marr\u00eb me nj\u00eb tem\u00eb mjaft aktuale. Ai ka zhvilluar disa intervista me qytetar\u00eb serb\u00eb, p\u00ebr t\u00eb marr\u00eb opinionin e tyre lidhur me sulmin terrorist\u00eb q\u00eb ndodhi n\u00eb Banjska t\u00eb Zve\u00e7anit.<\/p>\n<p>Qytatar\u00ebt serb\u00eb, t\u00eb revoltuar me Vu\u00e7iqin e Radoj\u00e7iqin, kan\u00eb th\u00ebn\u00eb se jan\u00eb pro Kosov\u00ebs e kund\u00ebr politikave te tyre.<\/p>\n<p>N\u00eb videon e m\u00eb poshtme, pos intervistave me qytetar\u00eb serb\u00eb, mund t\u00eb ndiqni edhe nj\u00eb intervist\u00eb me nj\u00eb t\u00eb moshuar, i cili nuk u kursye me fjal\u00ebt q\u00eb tha p\u00ebr Milan Radoi\u00e7iqin. Shikoni videon m\u00eb posht\u00eb p\u00ebr m\u00eb shum\u00eb:<\/p>\n<p><iframe loading=\"lazy\" width=\"560\" height=\"315\" src=\"https:\/\/www.youtube.com\/embed\/S5q41xlQsCc?si=xZ8KgXYjL6WD17qd\" title=\"YouTube video player\" frameborder=\"0\" allow=\"accelerometer; autoplay; clipboard-write; encrypted-media; gyroscope; picture-in-picture; web-share\" allowfullscreen><\/iframe><\/p>\n\n<div style=\"font-size: 0px; height: 0px; line-height: 0px; margin: 0; padding: 0; clear: both;\"><\/div>","protected":false},"excerpt":{"rendered":"<p>Moderatori i emisionit Kojshia Show, Sadri Imeri, k\u00ebsaj radhe \u00ebsht\u00eb marr\u00eb me nj\u00eb tem\u00eb mjaft aktuale. Ai ka zhvilluar disa intervista me qytetar\u00eb serb\u00eb, p\u00ebr t\u00eb marr\u00eb&#8230; <\/p>\n","protected":false},"author":1,"featured_media":4418,"comment_status":"open","ping_status":"open","sticky":false,"template":"","format":"standard","meta":{"footnotes":""},"categories":[6],"tags":[],"class_list":["post-4417","post","type-post","status-publish","format-standard","has-post-thumbnail","hentry","category-lajme"],"_links":{"self":[{"href":"https:\/\/new.findnews5.com\/index.php?rest_route=\/wp\/v2\/posts\/4417","targetHints":{"allow":["GET"]}}],"collection":[{"href":"https:\/\/new.findnews5.com\/index.php?rest_route=\/wp\/v2\/posts"}],"about":[{"href":"https:\/\/new.findnews5.com\/index.php?rest_route=\/wp\/v2\/types\/post"}],"author":[{"embeddable":true,"href":"https:\/\/new.findnews5.com\/index.php?rest_route=\/wp\/v2\/users\/1"}],"replies":[{"embeddable":true,"href":"https:\/\/new.findnews5.com\/index.php?rest_route=%2Fwp%2Fv2%2Fcomments&post=4417"}],"version-history":[{"count":0,"href":"https:\/\/new.findnews5.com\/index.php?rest_route=\/wp\/v2\/posts\/4417\/revisions"}],"wp:featuredmedia":[{"embeddable":true,"href":"https:\/\/new.findnews5.com\/index.php?rest_route=\/wp\/v2\/media\/4418"}],"wp:attachment":[{"href":"https:\/\/new.findnews5.com\/index.php?rest_route=%2Fwp%2Fv2%2Fmedia&parent=4417"}],"wp:term":[{"taxonomy":"category","embeddable":true,"href":"https:\/\/new.findnews5.com\/index.php?rest_route=%2Fwp%2Fv2%2Fcategories&post=4417"},{"taxonomy":"post_tag","embeddable":true,"href":"https:\/\/new.findnews5.com\/index.php?rest_route=%2Fwp%2Fv2%2Ftags&post=4417"}],"curies":[{"name":"wp","href":"https:\/\/api.w.org\/{rel}","templated":true}]}}