{"id":4414,"date":"2023-10-05T22:40:04","date_gmt":"2023-10-05T22:40:04","guid":{"rendered":"https:\/\/new.findnews5.com\/?p=4414"},"modified":"2023-10-05T22:40:05","modified_gmt":"2023-10-05T22:40:05","slug":"se-pari-e-falenderoj-zotin-kryeinspektori-i-mmphi-se-dhe-veprimtari-i-ceshtjes-kombetare-bedri-halimi-i-nenshtrohet-nje-operacioni-te-komplikuar-por-e-kalon-me-sukses","status":"publish","type":"post","link":"https:\/\/new.findnews5.com\/?p=4414","title":{"rendered":"\u201cS\u00eb pari e fal\u00ebnderoj Zotin\u201d, kryeinspektori i MMPHI-s\u00eb dhe veprimtari i \u00e7\u00ebshtjes komb\u00ebtare Bedri Halimi i n\u00ebnshtrohet nj\u00eb operacioni t\u00eb komplikuar, por e kalon me sukses!"},"content":{"rendered":"<div class=\"78954ae5fa42b68c1393fe3da4998882\" data-index=\"1\" style=\"float: none; margin:0px 0 0px 0; text-align:center;\">\n<div data-type=\"_mgwidget\" data-widget-id=\"1576712\">\r\n<\/div>\r\n<script>(function(w,q){w[q]=w[q]||[];w[q].push([\"_mgc.load\"])})(window,\"_mgq\");\r\n<\/script>\r\n\n<\/div>\n<p>Kryeinspektori i MMPHI-s\u00eb dhe veprimtari i \u00e7\u00ebshtjes komb\u00ebtare, Bedri Halimi, i \u00ebsht\u00eb n\u00ebnshtruar nj\u00eb operacioni t\u00eb nd\u00ebrlikuar.<\/p>\n<p>Ai p\u00ebrmes nj\u00eb postimi n\u00eb facebook, ka th\u00ebn\u00eb se s\u00eb pari e fal\u00ebnderon Zotin, e pastaj t\u00eb gjith\u00eb stafin e mjek\u00ebve t\u00eb QKUK-s\u00eb si Dr. Bahri Gashi, dr. Qendrim Zenelaj, dr. Arb\u00ebr Veliun, e sidomos me n\u00eb krye dr. Skender Telakun dhe stafin e tij, si edhe kirurgun dr. Ymer Durmishin me stafin e tij.<\/p>\n<p>Postimi i plot\u00eb i Halimit n\u00eb facebook:<\/p>\n<p>P\u00ebrsh\u00ebndetje miq,<br \/>\nDje n\u00eb spitalin Kavaja n\u00eb Prishtin\u00eb iu n\u00ebnshtrova nj\u00eb operacioni pak t\u00eb nd\u00ebrlikuar por shum\u00eb t\u00eb domosdosh\u00ebm.<br \/>\nFalenderoj se pari Zotin e pastaj t\u00eb gjith\u00eb stafin e mjek\u00ebve t\u00eb QKUK-s\u00eb si Dr. Bahri Gashi, dr. Qendrim Zenelaj, dr. Arb\u00ebr Veliun, e sidomos me n\u00eb krye dr. Skender Telakun dhe stafin e tij, si edhe kirurgun dr. Ymer Durmishin me stafin e tij.<br \/>\nShpresoj ta kaloj sa m\u00eb shpejt\u00eb edhe k\u00ebt\u00eb sfid\u00eb.<br \/>\nMe respekte e konsiderata<br \/>\nBedri Halimi<\/p>\n\n<div style=\"font-size: 0px; height: 0px; line-height: 0px; margin: 0; padding: 0; clear: both;\"><\/div>","protected":false},"excerpt":{"rendered":"<p>Kryeinspektori i MMPHI-s\u00eb dhe veprimtari i \u00e7\u00ebshtjes komb\u00ebtare, Bedri Halimi, i \u00ebsht\u00eb n\u00ebnshtruar nj\u00eb operacioni t\u00eb nd\u00ebrlikuar. Ai p\u00ebrmes nj\u00eb postimi n\u00eb facebook, ka th\u00ebn\u00eb se s\u00eb&#8230; <\/p>\n","protected":false},"author":1,"featured_media":4415,"comment_status":"open","ping_status":"open","sticky":false,"template":"","format":"standard","meta":{"footnotes":""},"categories":[6],"tags":[],"class_list":["post-4414","post","type-post","status-publish","format-standard","has-post-thumbnail","hentry","category-lajme"],"_links":{"self":[{"href":"https:\/\/new.findnews5.com\/index.php?rest_route=\/wp\/v2\/posts\/4414","targetHints":{"allow":["GET"]}}],"collection":[{"href":"https:\/\/new.findnews5.com\/index.php?rest_route=\/wp\/v2\/posts"}],"about":[{"href":"https:\/\/new.findnews5.com\/index.php?rest_route=\/wp\/v2\/types\/post"}],"author":[{"embeddable":true,"href":"https:\/\/new.findnews5.com\/index.php?rest_route=\/wp\/v2\/users\/1"}],"replies":[{"embeddable":true,"href":"https:\/\/new.findnews5.com\/index.php?rest_route=%2Fwp%2Fv2%2Fcomments&post=4414"}],"version-history":[{"count":0,"href":"https:\/\/new.findnews5.com\/index.php?rest_route=\/wp\/v2\/posts\/4414\/revisions"}],"wp:featuredmedia":[{"embeddable":true,"href":"https:\/\/new.findnews5.com\/index.php?rest_route=\/wp\/v2\/media\/4415"}],"wp:attachment":[{"href":"https:\/\/new.findnews5.com\/index.php?rest_route=%2Fwp%2Fv2%2Fmedia&parent=4414"}],"wp:term":[{"taxonomy":"category","embeddable":true,"href":"https:\/\/new.findnews5.com\/index.php?rest_route=%2Fwp%2Fv2%2Fcategories&post=4414"},{"taxonomy":"post_tag","embeddable":true,"href":"https:\/\/new.findnews5.com\/index.php?rest_route=%2Fwp%2Fv2%2Ftags&post=4414"}],"curies":[{"name":"wp","href":"https:\/\/api.w.org\/{rel}","templated":true}]}}