{"id":4408,"date":"2023-10-05T22:35:49","date_gmt":"2023-10-05T22:35:49","guid":{"rendered":"https:\/\/new.findnews5.com\/?p=4408"},"modified":"2023-10-05T22:35:49","modified_gmt":"2023-10-05T22:35:49","slug":"spahiu-veriu-i-kosoves-mban-me-uje-dhe-energji-elektrike-gjithe-vendin-smund-ta-falim-kurrsesi","status":"publish","type":"post","link":"https:\/\/new.findnews5.com\/?p=4408","title":{"rendered":"Spahiu: Veriu i Kosov\u00ebs mban me uj\u00eb dhe energji elektrike gjith\u00eb vendin, s\u2019mund ta falim kurrsesi"},"content":{"rendered":"<div class=\"78954ae5fa42b68c1393fe3da4998882\" data-index=\"1\" style=\"float: none; margin:0px 0 0px 0; text-align:center;\">\n<div data-type=\"_mgwidget\" data-widget-id=\"1576712\">\r\n<\/div>\r\n<script>(function(w,q){w[q]=w[q]||[];w[q].push([\"_mgc.load\"])})(window,\"_mgq\");\r\n<\/script>\r\n\n<\/div>\n<p>Analisti Nexhmedin Spahiu tha se Kosova nuk mund t\u00eb fal\u00eb kurrsesi Veriun duke qen\u00eb se ka resurset m\u00eb t\u00eb r\u00ebnd\u00ebsishme p\u00ebr vendin.<\/p>\n<p>Si\u00e7 sqaroi ai pa liqenin e Gazivod\u00ebs n\u00eb veri, gjysma e Kosov\u00ebs \u00ebsht\u00eb pa uj\u00eb dhe gjith\u00eb Kosova \u00ebsht\u00eb pa energji elektrike.<\/p>\n<p>\u201cKosova do t\u00eb jet\u00eb e njohur nga Serbia, mbaje mend. Veriu i Kosov\u00ebs nuk \u00ebsht\u00eb thjesht nj\u00eb pjes\u00eb e Kosov\u00ebs, \u00ebsht\u00eb pjesa ekzistenciale e Kosov\u00ebs. Prishtina, Drenasi, Fush\u00eb Kosova, Obiliqi, Vushtria, Mitrovica t\u00eb gjitha k\u00ebto furnizohen me uj\u00eb nga liqeni i Gazivod\u00ebs. Obiliqi q\u00eb furnizohet me uj\u00eb nga liqeni i Gazivod\u00ebs, furnizon me rrym\u00eb gjith\u00eb Kosov\u00ebn. Pra, pa liqenin e Gazivod\u00ebs, gjysma e Kosov\u00ebs \u00ebsht\u00eb pa uj\u00eb dhe gjith\u00eb Kosova \u00ebsht\u00eb pa energji elektrike. Kosova m\u00eb par\u00eb fal Llapin, Gjilanin sesa fal Veriun, cilido qoft\u00eb \u00e7mimi,\u201d \u2013 u shpreh Spahiu.<\/p>\n<p><iframe loading=\"lazy\" width=\"560\" height=\"315\" src=\"https:\/\/www.youtube.com\/embed\/QI2Z9KmD78I?si=toTkbGE3a4uJAGQI\" title=\"YouTube video player\" frameborder=\"0\" allow=\"accelerometer; autoplay; clipboard-write; encrypted-media; gyroscope; picture-in-picture; web-share\" allowfullscreen><\/iframe><\/p>\n\n<div style=\"font-size: 0px; height: 0px; line-height: 0px; margin: 0; padding: 0; clear: both;\"><\/div>","protected":false},"excerpt":{"rendered":"<p>Analisti Nexhmedin Spahiu tha se Kosova nuk mund t\u00eb fal\u00eb kurrsesi Veriun duke qen\u00eb se ka resurset m\u00eb t\u00eb r\u00ebnd\u00ebsishme p\u00ebr vendin. Si\u00e7 sqaroi ai pa liqenin&#8230; <\/p>\n","protected":false},"author":1,"featured_media":4409,"comment_status":"open","ping_status":"open","sticky":false,"template":"","format":"standard","meta":{"footnotes":""},"categories":[6],"tags":[],"class_list":["post-4408","post","type-post","status-publish","format-standard","has-post-thumbnail","hentry","category-lajme"],"_links":{"self":[{"href":"https:\/\/new.findnews5.com\/index.php?rest_route=\/wp\/v2\/posts\/4408","targetHints":{"allow":["GET"]}}],"collection":[{"href":"https:\/\/new.findnews5.com\/index.php?rest_route=\/wp\/v2\/posts"}],"about":[{"href":"https:\/\/new.findnews5.com\/index.php?rest_route=\/wp\/v2\/types\/post"}],"author":[{"embeddable":true,"href":"https:\/\/new.findnews5.com\/index.php?rest_route=\/wp\/v2\/users\/1"}],"replies":[{"embeddable":true,"href":"https:\/\/new.findnews5.com\/index.php?rest_route=%2Fwp%2Fv2%2Fcomments&post=4408"}],"version-history":[{"count":0,"href":"https:\/\/new.findnews5.com\/index.php?rest_route=\/wp\/v2\/posts\/4408\/revisions"}],"wp:featuredmedia":[{"embeddable":true,"href":"https:\/\/new.findnews5.com\/index.php?rest_route=\/wp\/v2\/media\/4409"}],"wp:attachment":[{"href":"https:\/\/new.findnews5.com\/index.php?rest_route=%2Fwp%2Fv2%2Fmedia&parent=4408"}],"wp:term":[{"taxonomy":"category","embeddable":true,"href":"https:\/\/new.findnews5.com\/index.php?rest_route=%2Fwp%2Fv2%2Fcategories&post=4408"},{"taxonomy":"post_tag","embeddable":true,"href":"https:\/\/new.findnews5.com\/index.php?rest_route=%2Fwp%2Fv2%2Ftags&post=4408"}],"curies":[{"name":"wp","href":"https:\/\/api.w.org\/{rel}","templated":true}]}}