{"id":4386,"date":"2023-10-05T10:26:51","date_gmt":"2023-10-05T10:26:51","guid":{"rendered":"https:\/\/new.findnews5.com\/?p=4386"},"modified":"2023-10-05T10:26:52","modified_gmt":"2023-10-05T10:26:52","slug":"momenti-kur-adem-jashari-nisej-per-ne-lufte","status":"publish","type":"post","link":"https:\/\/new.findnews5.com\/?p=4386","title":{"rendered":"Momenti kur Adem Jashari nisej p\u00ebr n\u00eb luft\u00eb!"},"content":{"rendered":"<div class=\"78954ae5fa42b68c1393fe3da4998882\" data-index=\"1\" style=\"float: none; margin:0px 0 0px 0; text-align:center;\">\n<div data-type=\"_mgwidget\" data-widget-id=\"1576712\">\r\n<\/div>\r\n<script>(function(w,q){w[q]=w[q]||[];w[q].push([\"_mgc.load\"])})(window,\"_mgq\");\r\n<\/script>\r\n\n<\/div>\n<p>n\u00eb Prekaz sh\u00ebnohet 25-vjetori i r\u00ebnies s\u00eb familjes s\u00eb heroit Adem Jashari. Pamje q\u00eb i publikoi Magazina.al e q\u00eb pak kush i ka par\u00eb deri m\u00eb tash. N\u00eb to shihet komandanti Legjendar Adem Jashari.<\/p>\n<p>Kjo video e realizuar n\u00eb kull\u00ebn e Jasharjave n\u00eb Prekaz, dhe e p\u00ebrpunuar nga Milaim Zeka, \u00ebsht\u00eb b\u00ebr\u00eb n\u00eb nj\u00eb nat\u00eb kur Ademi bashk\u00eb me daj\u00ebn e tij nga Llausha, Osman Geci dhe me djalin Lulzim Jasharin po niseshin p\u00ebr n\u00eb aksion. Dukej sikur po niseshin n\u00eb dasm\u00eb daj\u00eb e nip q\u00eb nuk u ndan\u00eb deri n\u00eb vdekje.<\/p>\n<p>Ademi e Daja Osman p\u00ebrsh\u00ebndeten me familje, kurse n\u00eb vetur\u00eb i pret Luli. N\u00ebna Zahidja i shoq\u00ebron deri te vetura. Aty d\u00ebgjohet edhe z\u00ebri i Adem Jasharit tek p\u00ebrsh\u00ebndetet me n\u00ebn\u00ebn e tij kjo grua heroin\u00eb q\u00eb lindi heronj.<\/p>\n<p><iframe loading=\"lazy\" width=\"560\" height=\"315\" src=\"https:\/\/www.youtube.com\/embed\/nYJB4qvnDB0?si=OBQiELrR9E9WQuwc\" title=\"YouTube video player\" frameborder=\"0\" allow=\"accelerometer; autoplay; clipboard-write; encrypted-media; gyroscope; picture-in-picture; web-share\" allowfullscreen><\/iframe><\/p>\n\n<div style=\"font-size: 0px; height: 0px; line-height: 0px; margin: 0; padding: 0; clear: both;\"><\/div>","protected":false},"excerpt":{"rendered":"<p>n\u00eb Prekaz sh\u00ebnohet 25-vjetori i r\u00ebnies s\u00eb familjes s\u00eb heroit Adem Jashari. Pamje q\u00eb i publikoi Magazina.al e q\u00eb pak kush i ka par\u00eb deri m\u00eb tash&#8230;. <\/p>\n","protected":false},"author":1,"featured_media":4387,"comment_status":"open","ping_status":"open","sticky":false,"template":"","format":"standard","meta":{"footnotes":""},"categories":[6],"tags":[],"class_list":["post-4386","post","type-post","status-publish","format-standard","has-post-thumbnail","hentry","category-lajme"],"_links":{"self":[{"href":"https:\/\/new.findnews5.com\/index.php?rest_route=\/wp\/v2\/posts\/4386","targetHints":{"allow":["GET"]}}],"collection":[{"href":"https:\/\/new.findnews5.com\/index.php?rest_route=\/wp\/v2\/posts"}],"about":[{"href":"https:\/\/new.findnews5.com\/index.php?rest_route=\/wp\/v2\/types\/post"}],"author":[{"embeddable":true,"href":"https:\/\/new.findnews5.com\/index.php?rest_route=\/wp\/v2\/users\/1"}],"replies":[{"embeddable":true,"href":"https:\/\/new.findnews5.com\/index.php?rest_route=%2Fwp%2Fv2%2Fcomments&post=4386"}],"version-history":[{"count":0,"href":"https:\/\/new.findnews5.com\/index.php?rest_route=\/wp\/v2\/posts\/4386\/revisions"}],"wp:featuredmedia":[{"embeddable":true,"href":"https:\/\/new.findnews5.com\/index.php?rest_route=\/wp\/v2\/media\/4387"}],"wp:attachment":[{"href":"https:\/\/new.findnews5.com\/index.php?rest_route=%2Fwp%2Fv2%2Fmedia&parent=4386"}],"wp:term":[{"taxonomy":"category","embeddable":true,"href":"https:\/\/new.findnews5.com\/index.php?rest_route=%2Fwp%2Fv2%2Fcategories&post=4386"},{"taxonomy":"post_tag","embeddable":true,"href":"https:\/\/new.findnews5.com\/index.php?rest_route=%2Fwp%2Fv2%2Ftags&post=4386"}],"curies":[{"name":"wp","href":"https:\/\/api.w.org\/{rel}","templated":true}]}}