{"id":4369,"date":"2023-10-04T23:03:53","date_gmt":"2023-10-04T23:03:53","guid":{"rendered":"https:\/\/new.findnews5.com\/?p=4369"},"modified":"2023-10-04T23:03:54","modified_gmt":"2023-10-04T23:03:54","slug":"caka-shqiptaret-jane-lodhur-nga-analistet-banal","status":"publish","type":"post","link":"https:\/\/new.findnews5.com\/?p=4369","title":{"rendered":"Caka: Shqiptar\u00ebt jan\u00eb lodhur nga analist\u00ebt banal"},"content":{"rendered":"<div class=\"78954ae5fa42b68c1393fe3da4998882\" data-index=\"1\" style=\"float: none; margin:0px 0 0px 0; text-align:center;\">\n<div data-type=\"_mgwidget\" data-widget-id=\"1576712\">\r\n<\/div>\r\n<script>(function(w,q){w[q]=w[q]||[];w[q].push([\"_mgc.load\"])})(window,\"_mgq\");\r\n<\/script>\r\n\n<\/div>\n<p>Nga Afrim Caka<\/p>\n<p>\u201cMITOANALIST\u00cbT JAPIN ZAKONISHT, SINDROMIN SI PARAPROJEKT T\u00cb FANTAZM\u00cbS GURIN E VARRIT\u201d<\/p>\n<p>P\u00ebrbind\u00ebshat brenda nesh\u2026<\/p>\n<p>Nj\u00eb paralajm\u00ebrim i hapur.<\/p>\n<p>\u201cUn\u00eb e konsideroj k\u00ebt\u00eb nj\u00eb k\u00ebrc\u00ebnim p\u00ebrtej \u00e7do imagjinate njer\u00ebzore dhe do ta trajtoj si t\u00eb till\u00eb, ose kjo \u00ebsht\u00eb e ardhmja e jon\u00eb\u201d. Nuk kam nevoj\u00eb p\u00ebr sinjal, o njeri i \u00e7mendur.<\/p>\n<p>T\u00eb pakt\u00ebn analist\u00ebt u p\u00ebrpoq\u00ebn t\u00eb p\u00ebrfytyronin vijat lidh\u00ebse nga nj\u00eb kufom\u00eb tek tjetra me shpres\u00ebn e nj\u00eb shpjegimi p\u00ebr trupat e tyre t\u00eb kalbur e t\u00eb shkap\u00ebrndar\u00eb n\u00eb \u201cDebat Plus\u201d me goj\u00ebt e tyre t\u00eb mbushura me produktin e pangop\u00ebsis\u00eb s\u00eb vet\u2026<\/p>\n<p>Jam nga Gjakova q\u00eb kurr nuk jam\u00eb p\u00ebrkulur para horrave, servil\u00ebve, t\u00eb \u00e7do ngjyre partiake e sekteve tjera fetare\u2026 Ne duhet t\u2019i tregojm\u00eb fytyrat\u00eb e analist\u00ebve n\u00eb \u201cDebat Plus\u201d, turm\u00ebs, bot\u00ebs \u2013 nuk duhet q\u00eb kjo t\u00eb jet\u00eb fytyra e tyre e v\u00ebrtet\u00eb, dhe kjo n\u00eb fakt kjo duhet t\u00eb jet\u00eb fytyra e e tyre e v\u00ebrtet\u00eb q\u00eb zgrryheshin n\u00eb jasht\u00ebqitjet e tyre. Nj\u00eb seleksionim i orkestruar nga vet\u00eb natyra e tyre.<\/p>\n<p>Ky debat \u00ebsht\u00eb nj\u00eb ringjallje e figurave t\u00eb martizuara, nj\u00eb ringjallje e antivlerave t\u00eb v\u00ebrteta t\u00eb kombit\u2026 Si \u00ebsht\u00eb e mundur q\u00eb ky popull t\u00eb ket\u00eb prodhuar n\u00eb t\u00eb njejt\u00ebn koh\u00eb k\u00ebsi antipod\u00ebsh, modele t\u00eb martirizimit dhe modele t\u00eb antimartirizmit? K\u00ebshtu pra kryq\u00ebzohet ringjallja e v\u00ebrteta n\u00eb mes t\u00eb njer\u00ebzve n\u00eb \u201cDEBAT PLUS\u201d. K\u00ebta do t\u00eb d\u00ebshtojn\u00eb me dhimbje t\u00eb mbytur n\u00eb nj\u00eb lum\u00eb turpi.<\/p>\n<p>Duke i d\u00ebgjuar analizat\u00eb e tyre t\u00eb mbushur me zhargone g\u00ebnjeshtrash, ata nxjerrin n\u00eb pah munges\u00ebn e aft\u00ebsis\u00eb p\u00ebr autoidentifimin e tyre me t\u00eb tjer\u00ebt, gj\u00eb q\u00eb d\u00ebshmon p\u00ebr shtremb\u00ebrim n\u00eb zhvillimin e tyre psikik dhe mendova me vete:<\/p>\n<p>\u201cSa mir\u00eb e fliska VUQIC shqipen\u201d.<\/p>\n<p>Bekoje o Zot Dardanin\u00eb time se djajt mishin i\u2019a kafshuan.<\/p>\n<p>Bekoje pra o Zot Dardanin\u00eb p\u00ebrs\u00ebgjalli. Nuk ka m\u00eb bes\u00eb dhe fjal\u00eb t\u00eb dh\u00ebn\u00eb nga Ermal Panduri dhe analist\u00ebt e tij t\u00eb dal\u00eb nga aksidentet e partive politike.<\/p>\n<p>Ndaj bekoje Per\u00ebndi tani Dardanin\u00eb sa \u00ebsht\u00eb gjall\u00eb\u2026<\/p>\n<p>\u201cSepse jan\u00eb shitur ninullat diku n\u00eb \u2026..\u201d<\/p>\n<p>Pa dyshim q\u00eb rishfaqja e hijeve antipod\u00ebsh atje ku ata priten m\u00eb pak nuk \u00ebsht\u00eb rast\u00ebsi. Mendim i par\u00eb i analistit banal e funksiona q\u00eb m\u00eb vjen n\u00eb k\u00ebt\u00eb rast \u00ebsht\u00eb se fantazma u shkon k\u00ebrc\u00ebnues\u00ebsve pa \u2026. E sidomos misterit gjakat\u00ebr\u00eb.<\/p>\n<p>Fantazma pritet t\u00eb shfaqet n\u00eb radh\u00eb t\u00eb par\u00eb atje n\u00eb \u201cDEBAT PLUS\u201d ku ka pasur k\u00ebrc\u00ebnime dhe mister. Astriti \u00ebsht\u00eb jo vet\u00ebm shenj\u00eb, por nj\u00eb lloj k\u00ebrc\u00ebnimi, nj\u00eb lloj p\u00ebrfaq\u00ebsimi i t\u00eb analfabetit kronik e funksional.<\/p>\n<p>N\u00eb \u201cDebat Plus\u201d ku brente miza e hekurt, pranimi kishte filluar me t\u00eb. T\u00eb r\u00ebnat, sharjet, fyerjet, k\u00ebrc\u00ebnimet nuk i pat num\u00ebruar gjat\u00eb sa ishte n\u00eb k\u00ebmb\u00eb dhe nuk e kishte vet\u00ebdij\u00ebn. Po, edhe t\u2019i kishte num\u00ebruar, v\u00ebshtir\u00eb se do t\u2019i mbante mend. N\u00eb mes k\u00ebrc\u00ebnimeve e fyerjeve dhe ajo fytyr\u00eb e kishte caktuar kufirin n\u00eb mes jet\u00ebs dhe t\u00eb vdekjes, t\u00eb cilin nuk duhet kaluar, por duhej vizituar gjithsesi surratin e Pandurit n\u00eb rolin e xhandarit\u2026<\/p>\n<p>Shqiptar\u00ebt jan\u00eb lodhur nga analist\u00ebt banal dhr e ndjejn\u00eb kudo.<\/p>\n<p>Ul\u00ebrijn\u00eb analist\u00ebt p\u00ebrball Pandurit, vu maskarenjt\u00eb Dardani \u2013 Serbi.<\/p>\n<p>Ata shpresonin se me an\u00ebn e njer\u00ebzve t\u00eb vet nga radh\u00ebt e analist\u00ebve me mjek\u00ebrra e pa t\u00eb do ta mbanin Dardanin\u00eb n\u00ebn sundimin e tyre. Personi m\u00eb i p\u00ebrshtatsh\u00ebm p\u00ebr jet\u00ebsimin e k\u00ebtij plani, p\u00ebr mes \u201cluft\u00ebs s\u00eb brend\u00ebshme\u201d, n\u00eb media, u konsiderua Ermal Panduri, Dardan Gashi, Lirim Krasniqi, Astrit Gashi etj.<\/p>\n<p>K\u00ebta do t\u00eb pranonin vet\u00ebm k\u00ebrkes\u00ebn e ruajtjes s\u00eb t\u00ebr\u00ebsis s\u00eb k\u00ebtij mediumi antishqiptar, brenda nj\u00eb \u201csllavizimi\u201d, por do t\u00eb kund\u00ebrshtonin synimet e demokracis\u00eb, brenda nj\u00eb Dardanie etnike. \u201cEkziston divergjenca tek disa analist\u00eb shqiptar\u00eb. Ca analist\u00eb fanatik me mjekrra e pa te, t\u00eb infektuar me virusin e oligark\u00ebve t\u00eb tyre dhe me iden pansllave\u2026\u201d, gj\u00eb q\u00eb \u00ebsht\u00eb p\u00ebr t\u00eb ardhur keq. K\u00ebsaj i vjen\u00eb era tradhti komb\u00ebtare.<\/p>\n<p>\u00c7\u00ebshtja komb\u00ebtare sot \u00ebsht\u00eb sprov\u00eb e t\u00eb gjitha politikave shqiptare, nga zgjidhja e s\u00eb cil\u00ebs do t\u00eb varet edhe jeta e tyre. Ajo nuk mund t\u00eb jet\u00eb privelegj e monopol as i Ermal Pandurit, as i s\u00eb shok\u00ebve t\u00eb tij. Analist\u00ebt dhe ideologjit\u00eb ngrihen dhe bien, por atdheu e interesi komb\u00ebtar mbetet t\u00eb p\u00ebrjetsh\u00ebm. Te vargani i ca analist\u00ebve t\u00eb Dardanis\u00eb q\u00eb nuk marrin er\u00eb nga historia, kultura, flamuri kuq e zi pra, te vargu i atyre t\u00eb nj\u00eb spikame t\u00eb vjet\u00ebr, ajo q\u00eb vite me radh\u00eb ishin munduar t\u00eb turbullunte mendimin shqiptar\u00eb, po shfaqej p\u00ebrseri nga ca njer\u00ebz rimohues t\u00eb historis\u00eb s\u00eb odave e kafeneve t\u00eb \u201cDEBAT PLUSIT\u201d.<\/p>\n<p>Ishte \u00e7ifti m\u00eb i \u00e7uditsh\u00ebm, i g\u00ebrditsh\u00ebm, agresiv\u00eb dhe banal i PDK-s\u00eb, LDK-s\u00eb, m\u00eb pak atdhetar e t\u00eb mundsh\u00ebm n\u00eb kuptimin profesional t\u00eb fjal\u00ebs:<\/p>\n<p>\u201cNj\u00ebri pjell\u00eb Isa Mustafes, tjetri nj\u00eb lloj pjelle i politik\u00ebs s\u00eb Memli Krasniqit, tjetri analist\u00eb i dalur nga aksidentet politike!\u201d.<\/p>\n<p>Por, ishte po ajo spikam\u00eb e Broj\u00ebs, e Prapashtic\u00ebs n\u00eb mjegull\u00ebn e s\u00eb cil\u00ebs vazhdonin t\u00eb ngat\u00ebrroheshin n\u00eb mesveti. Zoti ju vrafte\u2026Ermal Panduri Astrit Gashi<\/p>\n\n<div style=\"font-size: 0px; height: 0px; line-height: 0px; margin: 0; padding: 0; clear: both;\"><\/div>","protected":false},"excerpt":{"rendered":"<p>Nga Afrim Caka \u201cMITOANALIST\u00cbT JAPIN ZAKONISHT, SINDROMIN SI PARAPROJEKT T\u00cb FANTAZM\u00cbS GURIN E VARRIT\u201d P\u00ebrbind\u00ebshat brenda nesh\u2026 Nj\u00eb paralajm\u00ebrim i hapur. \u201cUn\u00eb e konsideroj k\u00ebt\u00eb nj\u00eb k\u00ebrc\u00ebnim&#8230; <\/p>\n","protected":false},"author":1,"featured_media":4370,"comment_status":"open","ping_status":"open","sticky":false,"template":"","format":"standard","meta":{"footnotes":""},"categories":[6],"tags":[],"class_list":["post-4369","post","type-post","status-publish","format-standard","has-post-thumbnail","hentry","category-lajme"],"_links":{"self":[{"href":"https:\/\/new.findnews5.com\/index.php?rest_route=\/wp\/v2\/posts\/4369","targetHints":{"allow":["GET"]}}],"collection":[{"href":"https:\/\/new.findnews5.com\/index.php?rest_route=\/wp\/v2\/posts"}],"about":[{"href":"https:\/\/new.findnews5.com\/index.php?rest_route=\/wp\/v2\/types\/post"}],"author":[{"embeddable":true,"href":"https:\/\/new.findnews5.com\/index.php?rest_route=\/wp\/v2\/users\/1"}],"replies":[{"embeddable":true,"href":"https:\/\/new.findnews5.com\/index.php?rest_route=%2Fwp%2Fv2%2Fcomments&post=4369"}],"version-history":[{"count":0,"href":"https:\/\/new.findnews5.com\/index.php?rest_route=\/wp\/v2\/posts\/4369\/revisions"}],"wp:featuredmedia":[{"embeddable":true,"href":"https:\/\/new.findnews5.com\/index.php?rest_route=\/wp\/v2\/media\/4370"}],"wp:attachment":[{"href":"https:\/\/new.findnews5.com\/index.php?rest_route=%2Fwp%2Fv2%2Fmedia&parent=4369"}],"wp:term":[{"taxonomy":"category","embeddable":true,"href":"https:\/\/new.findnews5.com\/index.php?rest_route=%2Fwp%2Fv2%2Fcategories&post=4369"},{"taxonomy":"post_tag","embeddable":true,"href":"https:\/\/new.findnews5.com\/index.php?rest_route=%2Fwp%2Fv2%2Ftags&post=4369"}],"curies":[{"name":"wp","href":"https:\/\/api.w.org\/{rel}","templated":true}]}}