{"id":4366,"date":"2023-10-04T23:00:38","date_gmt":"2023-10-04T23:00:38","guid":{"rendered":"https:\/\/new.findnews5.com\/?p=4366"},"modified":"2023-10-04T23:00:39","modified_gmt":"2023-10-04T23:00:39","slug":"shokon-enver-petrovci-tregon-se-si-mjeket-i-thane-se-kishte-kancer","status":"publish","type":"post","link":"https:\/\/new.findnews5.com\/?p=4366","title":{"rendered":"Shokon Enver Petrovci, tregon se si mjek\u00ebt i than\u00eb se kishte kancer\u2026"},"content":{"rendered":"<div class=\"78954ae5fa42b68c1393fe3da4998882\" data-index=\"1\" style=\"float: none; margin:0px 0 0px 0; text-align:center;\">\n<div data-type=\"_mgwidget\" data-widget-id=\"1576712\">\r\n<\/div>\r\n<script>(function(w,q){w[q]=w[q]||[];w[q].push([\"_mgc.load\"])})(window,\"_mgq\");\r\n<\/script>\r\n\n<\/div>\n<p>Aktori dhe Regjisori, Enver Petrovci ka qen\u00eb i ftuari i radh\u00ebs n\u00eb emisionin e pasdites n\u00eb T7, \u201cCanap\u00e9\u201d.<\/p>\n<p>Ai ka folur p\u00ebr jeten private dhe profesionale, duke treguar k\u00ebshtu edhe shqet\u00ebsimet q\u00eb i ka pasur jav\u00ebve t\u00eb fundit.<\/p>\n<p>\u201cM\u00eb than\u00eb q\u00eb kam kancer. Familja filloi t\u00eb shqet\u00ebsohej. Un\u00eb fillova t\u00eb shkruaj p\u00ebr gj\u00ebra personale, p\u00ebr f\u00ebmij\u00ebt, p\u00ebr regjisor\u00eb, student\u00eb e shum\u00eb \u00e7ka tjeter\u201d, tha Petrovci n\u00eb Canap\u00e9.<\/p>\n<p>Se \u00e7far\u00eb ka th\u00ebn\u00eb m\u00eb shum\u00eb rreth k\u00ebsaj pjese, dhe \u00e7far\u00eb mesazhi ka p\u00ebr mantelbardh\u00ebt e m\u00ebsoni duke klikuar n\u00eb linkun e m\u00ebposht\u00ebm.<\/p>\n<p><iframe loading=\"lazy\" src=\"https:\/\/www.facebook.com\/plugins\/video.php?height=476&#038;href=https%3A%2F%2Fwww.facebook.com%2FT7plus%2Fvideos%2F1051350009200858%2F&#038;show_text=false&#038;width=476&#038;t=0\" width=\"476\" height=\"476\" style=\"border:none;overflow:hidden\" scrolling=\"no\" frameborder=\"0\" allowfullscreen=\"true\" allow=\"autoplay; clipboard-write; encrypted-media; picture-in-picture; web-share\" allowFullScreen=\"true\"><\/iframe><\/p>\n\n<div style=\"font-size: 0px; height: 0px; line-height: 0px; margin: 0; padding: 0; clear: both;\"><\/div>","protected":false},"excerpt":{"rendered":"<p>Aktori dhe Regjisori, Enver Petrovci ka qen\u00eb i ftuari i radh\u00ebs n\u00eb emisionin e pasdites n\u00eb T7, \u201cCanap\u00e9\u201d. Ai ka folur p\u00ebr jeten private dhe profesionale, duke&#8230; <\/p>\n","protected":false},"author":1,"featured_media":4367,"comment_status":"open","ping_status":"open","sticky":false,"template":"","format":"standard","meta":{"footnotes":""},"categories":[6],"tags":[],"class_list":["post-4366","post","type-post","status-publish","format-standard","has-post-thumbnail","hentry","category-lajme"],"_links":{"self":[{"href":"https:\/\/new.findnews5.com\/index.php?rest_route=\/wp\/v2\/posts\/4366","targetHints":{"allow":["GET"]}}],"collection":[{"href":"https:\/\/new.findnews5.com\/index.php?rest_route=\/wp\/v2\/posts"}],"about":[{"href":"https:\/\/new.findnews5.com\/index.php?rest_route=\/wp\/v2\/types\/post"}],"author":[{"embeddable":true,"href":"https:\/\/new.findnews5.com\/index.php?rest_route=\/wp\/v2\/users\/1"}],"replies":[{"embeddable":true,"href":"https:\/\/new.findnews5.com\/index.php?rest_route=%2Fwp%2Fv2%2Fcomments&post=4366"}],"version-history":[{"count":0,"href":"https:\/\/new.findnews5.com\/index.php?rest_route=\/wp\/v2\/posts\/4366\/revisions"}],"wp:featuredmedia":[{"embeddable":true,"href":"https:\/\/new.findnews5.com\/index.php?rest_route=\/wp\/v2\/media\/4367"}],"wp:attachment":[{"href":"https:\/\/new.findnews5.com\/index.php?rest_route=%2Fwp%2Fv2%2Fmedia&parent=4366"}],"wp:term":[{"taxonomy":"category","embeddable":true,"href":"https:\/\/new.findnews5.com\/index.php?rest_route=%2Fwp%2Fv2%2Fcategories&post=4366"},{"taxonomy":"post_tag","embeddable":true,"href":"https:\/\/new.findnews5.com\/index.php?rest_route=%2Fwp%2Fv2%2Ftags&post=4366"}],"curies":[{"name":"wp","href":"https:\/\/api.w.org\/{rel}","templated":true}]}}