{"id":4363,"date":"2023-10-04T22:48:38","date_gmt":"2023-10-04T22:48:38","guid":{"rendered":"https:\/\/new.findnews5.com\/?p=4363"},"modified":"2023-10-04T22:48:40","modified_gmt":"2023-10-04T22:48:40","slug":"mero-baze-banda-propagandistike-e-albin-kurtit-ne-prishtine-dhe-tirane-kush-jane-ata","status":"publish","type":"post","link":"https:\/\/new.findnews5.com\/?p=4363","title":{"rendered":"Mero Baze: Banda propagandistike e Albin Kurtit n\u00eb Prishtin\u00eb dhe Tiran\u00eb! Kush jan\u00eb ata?"},"content":{"rendered":"<div class=\"78954ae5fa42b68c1393fe3da4998882\" data-index=\"1\" style=\"float: none; margin:0px 0 0px 0; text-align:center;\">\n<div data-type=\"_mgwidget\" data-widget-id=\"1576712\">\r\n<\/div>\r\n<script>(function(w,q){w[q]=w[q]||[];w[q].push([\"_mgc.load\"])})(window,\"_mgq\");\r\n<\/script>\r\n\n<\/div>\n<p>Sulmi ndaj sovranitetit t\u00eb Kosov\u00ebs m\u00eb 24 shtator, zbuloi nevoj\u00ebn e madhe q\u00eb ka Kosova p\u00ebr t\u00eb unifikuar q\u00ebndrimet e saj pro SHBA dhe politik\u00ebs per\u00ebndimore p\u00ebr Kosov\u00ebn nga nj\u00ebra an\u00eb, dhe shmangien e tendenc\u00ebs p\u00ebr ta p\u00ebrjetuar Banjsk\u00ebn si nj\u00eb \u201cfitore ndaj Per\u00ebndimit\u201d nga ana tjet\u00ebr.<\/p>\n<p>E para q\u00eb ka reaguar pozitivisht \u00ebsht\u00eb presidentja e Kosov\u00ebs, Vjosa Osmani. Ajo \u00ebsht\u00eb udh\u00ebheq\u00ebsja m\u00eb e lart\u00eb e Kosov\u00ebs q\u00eb ka artikuluar qart\u00eb deri tani se do t\u00eb koordinohen me SHBA p\u00ebr t\u00eb krijuar nj\u00eb draft t\u00eb ri t\u00eb Asosacionit p\u00ebr komunat serbe n\u00eb Veri dhe t\u00eb luftojn\u00eb bashk\u00eb me SHBA p\u00ebr miratimin e saj si detyrim p\u00ebr dep\u00ebrshkall\u00ebzimin e situat\u00ebs.<\/p>\n<p>Po ashtu \u00ebsht\u00eb pozitive q\u00eb presidentja Osmani ka thirrur n\u00eb takime dypal\u00ebshe gjith\u00eb udh\u00ebheq\u00ebsit opozitar\u00eb t\u00eb Kosov\u00ebs dhe kan\u00eb r\u00ebn\u00eb dakord t\u00eb koordinohen p\u00ebr \u00e7do hap t\u00eb m\u00ebtejsh\u00ebm t\u00eb Kosov\u00ebs.<\/p>\n<p>P\u00ebrkund\u00ebr presidentes Osmani, Albin Kurti po e p\u00ebrjeton betej\u00ebn e policis\u00eb s\u00eb Kosov\u00ebs me grupin terrorist, si nj\u00eb arsye p\u00ebr t\u00eb refuzuar planin e Per\u00ebndimit p\u00ebr Kosov\u00ebn. Ndryshe nga presidentja Osmani, ai ka deklaruar se asosacioni i komunave \u00ebsht\u00eb nj\u00eb ide e Serbis\u00eb, \u00e7ka l\u00eb t\u00eb kuptoj\u00eb se ai nuk do t\u00eb merret me at\u00eb \u00e7\u00ebshtje.<\/p>\n<p>E treta, e cila nuk \u00ebsht\u00eb se duhet marr\u00eb shum\u00eb seriozisht, pasi i shkojn\u00eb me vones\u00eb lajmet, \u00ebsht\u00eb ministrja e Jashtme, Donika G\u00ebrvalla, e cila deklaroi se ideja e asosacionit ka vdekur pas 24 shtatorit.<\/p>\n<p>Tani presidentja Osmani, kryeministri Kurti dhe ministrja e Jashtme G\u00ebrvalla jan\u00eb tre politikb\u00ebr\u00ebsit kryesor\u00eb n\u00eb Kosov\u00eb n\u00eb pushtet. T\u00eb tre kan\u00eb q\u00ebndrime krejt t\u00eb ndryshme dhe nga nj\u00ebri- tjetri, ndaj m\u00ebnyr\u00ebs se si duhet t\u00eb reflektojn\u00eb q\u00eb t\u00eb mos humbasin mb\u00ebshtetjen e SHBA dhe Per\u00ebndimit n\u00eb k\u00ebt\u00eb situat\u00eb.<\/p>\n<p>Presidentja Osmani po p\u00ebrpiqet ta p\u00ebrdor\u00eb k\u00ebt\u00eb situat\u00eb p\u00ebr nj\u00eb afrim t\u00eb fort\u00eb me SHBA dhe natyrisht ky \u00ebsht\u00eb veprimi i duhur.<\/p>\n<p>Kryeministri Albin Kurti po p\u00ebrpiqet ta p\u00ebrdor\u00eb k\u00ebt\u00eb situat\u00eb p\u00ebr t\u00eb treguar se sa t\u00eb drejt\u00eb ka pasur kur ka qen\u00eb kund\u00ebr SHBA gjith\u00eb jet\u00ebn, dhe k\u00ebtu ka n\u00eb krah gjith\u00eb enverist\u00ebt e Tiran\u00ebs, Prishtin\u00ebs dhe m\u00eb tej, kurse ministrja e Jashtme G\u00ebrvalla po p\u00ebrpiqet t\u00eb tregoj\u00eb se nuk kupton as \u00e7far\u00eb b\u00ebn presidentja, as \u00e7far\u00eb b\u00ebn kryeministri.<\/p>\n<p>Politikan\u00ebt kryesor\u00eb t\u00eb opozit\u00ebs jan\u00eb n\u00eb nj\u00eb linj\u00eb me presidenten Osmani sa i takon m\u00ebnyr\u00ebs se si duhet ta p\u00ebrdorin k\u00ebt\u00eb sulm terrorist ndaj Kosov\u00ebs p\u00ebr t\u00eb mir\u00ebn e Kosov\u00ebs n\u00eb t\u00eb ardhmen n\u00eb raport me Per\u00ebndimin, nd\u00ebrsa Albin Kurti po p\u00ebrpiqet t\u00eb \u201chakmerret\u201d ndaj SHBA dhe Per\u00ebndimit n\u00eb t\u00ebr\u00ebsi, p\u00ebr izolimin e tij dhe sanksionimin q\u00eb i kan\u00eb b\u00ebr\u00eb politik\u00ebs s\u00eb tij n\u00eb Kosov\u00eb.<\/p>\n<p>K\u00ebtij zjarri i fryn dhe banda propagandistike e Albin Kurtit n\u00eb Prishtin\u00eb dhe Tiran\u00eb, t\u00eb cil\u00ebt nuk jan\u00eb aq shum\u00eb t\u00eb g\u00ebzuar q\u00eb policia ka fituar nj\u00eb betej\u00eb ndaj 30 terrorist\u00ebve, por q\u00eb Albin Kurti ka mundur SHBA dhe Evrop\u00ebn. Dhe kjo \u00ebsht\u00eb nj\u00eb marr\u00ebzi, po aq e madhe sa ajo e Vu\u00e7iqit m\u00eb 24 shtator, e cila ndjehet dhe n\u00eb frym\u00ebn revanshiste ndaj \u00e7do gazetari apo politikani civil n\u00eb Kosov\u00eb q\u00eb p\u00ebrpiqet ta komentoj\u00eb situat\u00ebn si nj\u00eb rast q\u00eb duhet t\u00eb bashkoj\u00eb Kosov\u00ebn me Per\u00ebndimin.<\/p>\n<p>24 shtatori, m\u00eb shum\u00eb se sa nj\u00eb fitore e Kosov\u00ebs, \u00ebsht\u00eb nj\u00eb kafsh\u00ebri e Serbis\u00eb, q\u00eb e vendos Kosov\u00ebn n\u00eb nj\u00eb pozicion komod p\u00ebr t\u00eb vazhduar m\u00eb tej. Fitore e Kosov\u00ebs do t\u00eb jet\u00eb kur do t\u00eb dij\u00eb ta p\u00ebrkthej\u00eb k\u00ebt\u00eb n\u00eb nj\u00eb avantazh n\u00eb tavolin\u00ebn e bisedimeve dhe n\u00eb raportet me SHBA. Pas nj\u00eb viti luft\u00eb kund\u00ebr SHBA dhe Per\u00ebndimit, Kosova ka fituar sanksione nga Per\u00ebndimi, ato q\u00eb Vu\u00e7iq mund t\u2019i fitoj\u00eb pasi ka sulmuar me armn\u00eb dhe terrorist\u00eb nj\u00eb shtet t\u00eb pavarur. Mjafton kaq p\u00ebr t\u00eb kuptuar d\u00ebmin q\u00eb i b\u00ebn kjo qasje anti-per\u00ebndimore Kosov\u00ebs.<\/p>\n<p>Tani mir\u00eb \u00ebsht\u00eb q\u00eb Kosova para se t\u00eb gjej\u00eb armiq t\u00eb jasht\u00ebm, t\u00eb unifikoj\u00eb nj\u00ebher\u00eb q\u00ebndrimet e brendshme dhe t\u00eb dalin me nj\u00eb z\u00eb pro apo kund\u00ebr SHBA, pro apo kund\u00ebr KFOR, pro apo kund\u00ebr EULEX, dhe pasi ta ken\u00eb b\u00ebr\u00eb k\u00ebt\u00eb, pastaj dhe t\u00eb tjer\u00ebt jasht\u00eb Kosov\u00ebs e kan\u00eb t\u00eb qart\u00eb se me k\u00eb kan\u00eb t\u00eb b\u00ebjn\u00eb.<\/p>\n<p>\u201cArmiqt\u00eb\u201d e Kosov\u00ebs, n\u00eb k\u00ebt\u00eb situat\u00eb nuk mund t\u00eb jen\u00eb n\u00eb SHBA, n\u00eb Bruksel, Paris, Gjermani apo Tiran\u00eb, pasi m\u00eb 24 shtator, \u00ebsht\u00eb fituar nj\u00eb betej\u00eb ndaj terrorizmit shtet\u00ebror serb, por jo ndaj Per\u00ebndimit, si\u00e7 po p\u00ebrpiqet ta p\u00ebrjetoj\u00eb Albin Kurti. N\u00eb Per\u00ebndim m\u00eb 24 shtator ka humbur Aleksand\u00ebr Vu\u00e7iqi. Albin Kurti \u00ebsht\u00eb n\u00eb prov\u00eb n\u00ebse do t\u2019ia dal\u00eb t\u00eb jet\u00eb i fituari i k\u00ebsaj historie. Por ndaj Per\u00ebndimit nuk na duhen fitimtar\u00eb.<\/p>\n\n<div style=\"font-size: 0px; height: 0px; line-height: 0px; margin: 0; padding: 0; clear: both;\"><\/div>","protected":false},"excerpt":{"rendered":"<p>Sulmi ndaj sovranitetit t\u00eb Kosov\u00ebs m\u00eb 24 shtator, zbuloi nevoj\u00ebn e madhe q\u00eb ka Kosova p\u00ebr t\u00eb unifikuar q\u00ebndrimet e saj pro SHBA dhe politik\u00ebs per\u00ebndimore p\u00ebr&#8230; <\/p>\n","protected":false},"author":1,"featured_media":4364,"comment_status":"open","ping_status":"open","sticky":false,"template":"","format":"standard","meta":{"footnotes":""},"categories":[6],"tags":[],"class_list":["post-4363","post","type-post","status-publish","format-standard","has-post-thumbnail","hentry","category-lajme"],"_links":{"self":[{"href":"https:\/\/new.findnews5.com\/index.php?rest_route=\/wp\/v2\/posts\/4363","targetHints":{"allow":["GET"]}}],"collection":[{"href":"https:\/\/new.findnews5.com\/index.php?rest_route=\/wp\/v2\/posts"}],"about":[{"href":"https:\/\/new.findnews5.com\/index.php?rest_route=\/wp\/v2\/types\/post"}],"author":[{"embeddable":true,"href":"https:\/\/new.findnews5.com\/index.php?rest_route=\/wp\/v2\/users\/1"}],"replies":[{"embeddable":true,"href":"https:\/\/new.findnews5.com\/index.php?rest_route=%2Fwp%2Fv2%2Fcomments&post=4363"}],"version-history":[{"count":0,"href":"https:\/\/new.findnews5.com\/index.php?rest_route=\/wp\/v2\/posts\/4363\/revisions"}],"wp:featuredmedia":[{"embeddable":true,"href":"https:\/\/new.findnews5.com\/index.php?rest_route=\/wp\/v2\/media\/4364"}],"wp:attachment":[{"href":"https:\/\/new.findnews5.com\/index.php?rest_route=%2Fwp%2Fv2%2Fmedia&parent=4363"}],"wp:term":[{"taxonomy":"category","embeddable":true,"href":"https:\/\/new.findnews5.com\/index.php?rest_route=%2Fwp%2Fv2%2Fcategories&post=4363"},{"taxonomy":"post_tag","embeddable":true,"href":"https:\/\/new.findnews5.com\/index.php?rest_route=%2Fwp%2Fv2%2Ftags&post=4363"}],"curies":[{"name":"wp","href":"https:\/\/api.w.org\/{rel}","templated":true}]}}