{"id":4360,"date":"2023-10-04T22:44:45","date_gmt":"2023-10-04T22:44:45","guid":{"rendered":"https:\/\/new.findnews5.com\/?p=4360"},"modified":"2023-10-04T22:44:46","modified_gmt":"2023-10-04T22:44:46","slug":"baton-haxhiu-i-del-krah-edi-rames-patriotet-e-tastieres-ne-rruge-fashiste-te-gjithe-jane-bere-me-vv-ne","status":"publish","type":"post","link":"https:\/\/new.findnews5.com\/?p=4360","title":{"rendered":"Baton Haxhiu i del krah Edi Ram\u00ebs: Patriot\u00ebt e tastier\u00ebs n\u00eb rrug\u00eb fashiste, t\u00eb gjith\u00eb jan\u00eb b\u00ebr\u00eb me VV-n\u00eb"},"content":{"rendered":"<div class=\"78954ae5fa42b68c1393fe3da4998882\" data-index=\"1\" style=\"float: none; margin:0px 0 0px 0; text-align:center;\">\n<div data-type=\"_mgwidget\" data-widget-id=\"1576712\">\r\n<\/div>\r\n<script>(function(w,q){w[q]=w[q]||[];w[q].push([\"_mgc.load\"])})(window,\"_mgq\");\r\n<\/script>\r\n\n<\/div>\n<p>Gazetari Baton Haxhiu tha se ekziston nj\u00eb grup q\u00eb ka hyr\u00eb n\u00eb rrug\u00eb fashiste, sipas tij ata jan\u00eb \u201cpatriot\u00eb t\u00eb tastatur\u00ebs\u201d.<br \/>\n\u201cPatriot\u00ebt e tastatur\u00ebs kan\u00eb hyr\u00eb n\u00eb rrug\u00ebn fashiste t\u00eb dikursit. Sa e rand\u00eb do t\u00eb jet\u00eb p\u00ebr neve q\u00eb ky diskurs fashist i k\u00ebtij grupacioni po e zhvendos shoq\u00ebrin\u00eb kosovare nga nj\u00eb shoq\u00ebri t\u00eb lir\u00eb, n\u00eb shoq\u00ebri t\u00eb diktuar nga ky grup\u201d, tha ai.<\/p>\n<p>Gazetari Haxhiu tha se nuk duhet krijuar diskurs nga t\u00eb tjer\u00ebt q\u00eb kryeministrin shqiptar Edi Ram\u00ebn ta shpall\u00ebsh m\u00eb shum\u00eb mik t\u00eb Vu\u00e7iqit sesa t\u00eb Kosov\u00ebs.<\/p>\n<p>\u201cP\u00ebr dallim prej t\u00eb gjith\u00eb k\u00ebtyre q\u00eb kan\u00eb gjuh\u00eb fashist\u00eb, t\u00eb pamatur dhe t\u00eb paedukat\u00eb n\u00eb debatet publike, Edi Rama e ka nj\u00eb vizion, mund t\u00eb mos pajtohesh me t\u00eb, por jo ta nd\u00ebrtosh diskursin e till\u00eb q\u00eb ta shpall\u00ebsh dik\u00ebnd m\u00eb shum\u00eb mik t\u00eb Vu\u00e7iqit sesa t\u00eb Kosov\u00ebs\u201d, tha Haxhiu n\u00eb \u201cPressing\u201d.<\/p>\n<p>\u201cPo flasim p\u00ebr nj\u00eb njeri i cili n\u00eb K\u00ebshillin e Sigurimit e \u00e7oi lart\u00eb kart\u00ebn e OKB-s\u00eb dhe para gjith\u00eb bot\u00ebs e tha gj\u00ebn\u00eb m\u00eb t\u00eb r\u00ebnd\u00ebsishme, po flasim p\u00ebr nj\u00eb njeri q\u00eb angazhohet shum\u00eb p\u00ebr Gjykat\u00ebn Speciale. Nj\u00eb njeri q\u00eb e refuzon rezolut\u00ebn e BE-s\u00eb\u201d.<\/p>\n\n<div style=\"font-size: 0px; height: 0px; line-height: 0px; margin: 0; padding: 0; clear: both;\"><\/div>","protected":false},"excerpt":{"rendered":"<p>Gazetari Baton Haxhiu tha se ekziston nj\u00eb grup q\u00eb ka hyr\u00eb n\u00eb rrug\u00eb fashiste, sipas tij ata jan\u00eb \u201cpatriot\u00eb t\u00eb tastatur\u00ebs\u201d. \u201cPatriot\u00ebt e tastatur\u00ebs kan\u00eb hyr\u00eb n\u00eb&#8230; <\/p>\n","protected":false},"author":1,"featured_media":4361,"comment_status":"open","ping_status":"open","sticky":false,"template":"","format":"standard","meta":{"footnotes":""},"categories":[6],"tags":[],"class_list":["post-4360","post","type-post","status-publish","format-standard","has-post-thumbnail","hentry","category-lajme"],"_links":{"self":[{"href":"https:\/\/new.findnews5.com\/index.php?rest_route=\/wp\/v2\/posts\/4360","targetHints":{"allow":["GET"]}}],"collection":[{"href":"https:\/\/new.findnews5.com\/index.php?rest_route=\/wp\/v2\/posts"}],"about":[{"href":"https:\/\/new.findnews5.com\/index.php?rest_route=\/wp\/v2\/types\/post"}],"author":[{"embeddable":true,"href":"https:\/\/new.findnews5.com\/index.php?rest_route=\/wp\/v2\/users\/1"}],"replies":[{"embeddable":true,"href":"https:\/\/new.findnews5.com\/index.php?rest_route=%2Fwp%2Fv2%2Fcomments&post=4360"}],"version-history":[{"count":0,"href":"https:\/\/new.findnews5.com\/index.php?rest_route=\/wp\/v2\/posts\/4360\/revisions"}],"wp:featuredmedia":[{"embeddable":true,"href":"https:\/\/new.findnews5.com\/index.php?rest_route=\/wp\/v2\/media\/4361"}],"wp:attachment":[{"href":"https:\/\/new.findnews5.com\/index.php?rest_route=%2Fwp%2Fv2%2Fmedia&parent=4360"}],"wp:term":[{"taxonomy":"category","embeddable":true,"href":"https:\/\/new.findnews5.com\/index.php?rest_route=%2Fwp%2Fv2%2Fcategories&post=4360"},{"taxonomy":"post_tag","embeddable":true,"href":"https:\/\/new.findnews5.com\/index.php?rest_route=%2Fwp%2Fv2%2Ftags&post=4360"}],"curies":[{"name":"wp","href":"https:\/\/api.w.org\/{rel}","templated":true}]}}