{"id":4353,"date":"2023-10-04T18:55:51","date_gmt":"2023-10-04T18:55:51","guid":{"rendered":"https:\/\/new.findnews5.com\/?p=4353"},"modified":"2023-10-04T18:55:52","modified_gmt":"2023-10-04T18:55:52","slug":"edita-tahiri-akuza-rames-te-hulumtohet-origjina-kombetare-e-tij","status":"publish","type":"post","link":"https:\/\/new.findnews5.com\/?p=4353","title":{"rendered":"Edita Tahiri akuza Ram\u00ebs: T\u00eb hulumtohet origjina komb\u00ebtare e tij"},"content":{"rendered":"<div class=\"78954ae5fa42b68c1393fe3da4998882\" data-index=\"1\" style=\"float: none; margin:0px 0 0px 0; text-align:center;\">\n<div data-type=\"_mgwidget\" data-widget-id=\"1576712\">\r\n<\/div>\r\n<script>(function(w,q){w[q]=w[q]||[];w[q].push([\"_mgc.load\"])})(window,\"_mgq\");\r\n<\/script>\r\n\n<\/div>\n<p>Ish kryenegociatorja e Kosov\u00ebs n\u00eb dialogun me Serbin\u00eb, Edita Tahiri, ka th\u00ebn\u00eb se Kuvendi i Shqip\u00ebris\u00eb duhet ta th\u00ebrras urgjentisht n\u00eb interpelanc\u00eb kryeministrin Edi Rama.<\/p>\n<p>Arsyeja e k\u00ebsaj, Tahiri thot\u00eb se duhet t\u00eb jet\u00eb deklarata e Ram\u00ebs n\u00eb Financial Times se Kosova \u00ebsht\u00eb \u201ctok\u00eb e askujt\u201d.<\/p>\n<p>K\u00ebt\u00eb, Tahiri e quajti skandalore dhe antikomb\u00ebtare dhe se duhet t\u00eb hulumtohet origjina komb\u00ebtare e Ram\u00ebs.<\/p>\n<p>\u201cKuvendi i Shqiperise duhet ta therras urgjentisht Edi Ramen ne interpelance per deklaraten e tij ne Financial Times se Kosova eshte \u2018toke e askujt\u2019 Skandaloze, antikombetare! duhet hulumtuar origjina kombetare e tij\u201d, ka shkruar Tahiri.<\/p>\n<p>Kryeministri i Shqip\u00ebris\u00eb n\u00eb nj\u00eb intervist\u00eb p\u00ebr \u201cFinancial Times\u201d tha se Kosova \u00ebsht\u00eb nj\u00eb pik\u00eb e nxeht\u00eb dhe se me kalimin e viteve \u00ebsht\u00eb b\u00ebr\u00eb tok\u00eb e askujt.<\/p>\n<p>\u201cMe kalimin e viteve \u00ebsht\u00eb b\u00ebr\u00eb nj\u00eb tok\u00eb e askujt ku t\u00eb gjitha llojet e krimeve kombinohen me nacionalizmin n\u00eb rritje. Kufiri mes krimit dhe politik\u00ebs \u00ebsht\u00eb zbehur\u201d, ka th\u00ebn\u00eb ai. \/GazetaExpress\/<\/p>\n\n<div style=\"font-size: 0px; height: 0px; line-height: 0px; margin: 0; padding: 0; clear: both;\"><\/div>","protected":false},"excerpt":{"rendered":"<p>Ish kryenegociatorja e Kosov\u00ebs n\u00eb dialogun me Serbin\u00eb, Edita Tahiri, ka th\u00ebn\u00eb se Kuvendi i Shqip\u00ebris\u00eb duhet ta th\u00ebrras urgjentisht n\u00eb interpelanc\u00eb kryeministrin Edi Rama. Arsyeja e&#8230; <\/p>\n","protected":false},"author":1,"featured_media":4354,"comment_status":"open","ping_status":"open","sticky":false,"template":"","format":"standard","meta":{"footnotes":""},"categories":[6],"tags":[],"class_list":["post-4353","post","type-post","status-publish","format-standard","has-post-thumbnail","hentry","category-lajme"],"_links":{"self":[{"href":"https:\/\/new.findnews5.com\/index.php?rest_route=\/wp\/v2\/posts\/4353","targetHints":{"allow":["GET"]}}],"collection":[{"href":"https:\/\/new.findnews5.com\/index.php?rest_route=\/wp\/v2\/posts"}],"about":[{"href":"https:\/\/new.findnews5.com\/index.php?rest_route=\/wp\/v2\/types\/post"}],"author":[{"embeddable":true,"href":"https:\/\/new.findnews5.com\/index.php?rest_route=\/wp\/v2\/users\/1"}],"replies":[{"embeddable":true,"href":"https:\/\/new.findnews5.com\/index.php?rest_route=%2Fwp%2Fv2%2Fcomments&post=4353"}],"version-history":[{"count":0,"href":"https:\/\/new.findnews5.com\/index.php?rest_route=\/wp\/v2\/posts\/4353\/revisions"}],"wp:featuredmedia":[{"embeddable":true,"href":"https:\/\/new.findnews5.com\/index.php?rest_route=\/wp\/v2\/media\/4354"}],"wp:attachment":[{"href":"https:\/\/new.findnews5.com\/index.php?rest_route=%2Fwp%2Fv2%2Fmedia&parent=4353"}],"wp:term":[{"taxonomy":"category","embeddable":true,"href":"https:\/\/new.findnews5.com\/index.php?rest_route=%2Fwp%2Fv2%2Fcategories&post=4353"},{"taxonomy":"post_tag","embeddable":true,"href":"https:\/\/new.findnews5.com\/index.php?rest_route=%2Fwp%2Fv2%2Ftags&post=4353"}],"curies":[{"name":"wp","href":"https:\/\/api.w.org\/{rel}","templated":true}]}}