{"id":4347,"date":"2023-10-04T18:41:09","date_gmt":"2023-10-04T18:41:09","guid":{"rendered":"https:\/\/new.findnews5.com\/?p=4347"},"modified":"2023-10-04T18:41:10","modified_gmt":"2023-10-04T18:41:10","slug":"vellai-i-policit-hero-bunjaku-kemi-dhimbje-por-krenaria-eshte-e-madhe","status":"publish","type":"post","link":"https:\/\/new.findnews5.com\/?p=4347","title":{"rendered":"V\u00ebllai i policit hero, Bunjaku: Kemi dhimbje, por krenaria \u00ebsht\u00eb e madhe"},"content":{"rendered":"<div class=\"78954ae5fa42b68c1393fe3da4998882\" data-index=\"1\" style=\"float: none; margin:0px 0 0px 0; text-align:center;\">\n<div data-type=\"_mgwidget\" data-widget-id=\"1576712\">\r\n<\/div>\r\n<script>(function(w,q){w[q]=w[q]||[];w[q].push([\"_mgc.load\"])})(window,\"_mgq\");\r\n<\/script>\r\n\n<\/div>\n<p>Rreshteri Afrim Bunjaku, i cili ishte pjes\u00ebtar i Policis\u00eb s\u00eb Kosov\u00ebs nga viti 2001, u vra m\u00ebngjesin e 24 shtatorit pas p\u00ebrplasjes me nj\u00eb grup t\u00eb armatosur n\u00eb Banjsk\u00eb t\u00eb Zve\u00e7anit n\u00eb pjes\u00ebn veriore t\u00eb vendit t\u00eb banuar me shumic\u00eb serbe.<\/p>\n<p>V\u00ebllai i tij tregoi p\u00ebr Euronews Albania se \u00ebsht\u00eb krenar p\u00ebr t\u00eb dhe se shpreson q\u00eb ai t\u00eb ishte rasti i fundit tragjik.<\/p>\n<p>\u201cNdihem shum\u00eb krenar q\u00eb ka r\u00ebn\u00eb p\u00ebr atdhe, shum\u00eb krenar. Krenaria \u00ebsht\u00eb e madhe. Kemi dhimbje, mir\u00ebpo po na leht\u00ebson kombi shqiptar, prej Kosov\u00ebs deri n\u00eb Australin\u00eb e larg\u00ebt. T\u00eb gjith\u00eb me diplomat\u00eb evropian i fal\u00ebnderojm\u00eb shum\u00eb. Inshallah \u00ebsht\u00eb kthes\u00eb historike e inshallah \u00ebsht\u00eb e fundit. Kemi polic\u00eb shum\u00eb q\u00eb kan\u00eb r\u00ebn\u00eb, jan\u00eb 23 mesa di un\u00eb, bashk\u00eb me v\u00ebllain tim. Mjaft m\u00eb me k\u00ebto! Jemi n\u00eb tok\u00ebn ton\u00eb dhe do t\u00eb mbesim n\u00eb tok\u00ebn ton\u00eb, \u00ebsht\u00eb tok\u00eb shqiptare,\u201d \u2013 u shpreh Bunjaku.<\/p>\n\n<div style=\"font-size: 0px; height: 0px; line-height: 0px; margin: 0; padding: 0; clear: both;\"><\/div>","protected":false},"excerpt":{"rendered":"<p>Rreshteri Afrim Bunjaku, i cili ishte pjes\u00ebtar i Policis\u00eb s\u00eb Kosov\u00ebs nga viti 2001, u vra m\u00ebngjesin e 24 shtatorit pas p\u00ebrplasjes me nj\u00eb grup t\u00eb armatosur&#8230; <\/p>\n","protected":false},"author":1,"featured_media":4348,"comment_status":"open","ping_status":"open","sticky":false,"template":"","format":"standard","meta":{"footnotes":""},"categories":[6],"tags":[],"class_list":["post-4347","post","type-post","status-publish","format-standard","has-post-thumbnail","hentry","category-lajme"],"_links":{"self":[{"href":"https:\/\/new.findnews5.com\/index.php?rest_route=\/wp\/v2\/posts\/4347","targetHints":{"allow":["GET"]}}],"collection":[{"href":"https:\/\/new.findnews5.com\/index.php?rest_route=\/wp\/v2\/posts"}],"about":[{"href":"https:\/\/new.findnews5.com\/index.php?rest_route=\/wp\/v2\/types\/post"}],"author":[{"embeddable":true,"href":"https:\/\/new.findnews5.com\/index.php?rest_route=\/wp\/v2\/users\/1"}],"replies":[{"embeddable":true,"href":"https:\/\/new.findnews5.com\/index.php?rest_route=%2Fwp%2Fv2%2Fcomments&post=4347"}],"version-history":[{"count":0,"href":"https:\/\/new.findnews5.com\/index.php?rest_route=\/wp\/v2\/posts\/4347\/revisions"}],"wp:featuredmedia":[{"embeddable":true,"href":"https:\/\/new.findnews5.com\/index.php?rest_route=\/wp\/v2\/media\/4348"}],"wp:attachment":[{"href":"https:\/\/new.findnews5.com\/index.php?rest_route=%2Fwp%2Fv2%2Fmedia&parent=4347"}],"wp:term":[{"taxonomy":"category","embeddable":true,"href":"https:\/\/new.findnews5.com\/index.php?rest_route=%2Fwp%2Fv2%2Fcategories&post=4347"},{"taxonomy":"post_tag","embeddable":true,"href":"https:\/\/new.findnews5.com\/index.php?rest_route=%2Fwp%2Fv2%2Ftags&post=4347"}],"curies":[{"name":"wp","href":"https:\/\/api.w.org\/{rel}","templated":true}]}}