{"id":4343,"date":"2023-10-04T18:37:53","date_gmt":"2023-10-04T18:37:53","guid":{"rendered":"https:\/\/new.findnews5.com\/?p=4343"},"modified":"2023-10-04T18:37:53","modified_gmt":"2023-10-04T18:37:53","slug":"rugovasi-nga-sanxhaku-flasim-boshnjakisht-por-jemi-shqiptare","status":"publish","type":"post","link":"https:\/\/new.findnews5.com\/?p=4343","title":{"rendered":"Rugovasi nga Sanxhaku: Flasim boshnjakisht, por jemi shqiptar\u00eb"},"content":{"rendered":"<div class=\"78954ae5fa42b68c1393fe3da4998882\" data-index=\"1\" style=\"float: none; margin:0px 0 0px 0; text-align:center;\">\n<div data-type=\"_mgwidget\" data-widget-id=\"1576712\">\r\n<\/div>\r\n<script>(function(w,q){w[q]=w[q]||[];w[q].push([\"_mgc.load\"])})(window,\"_mgq\");\r\n<\/script>\r\n\n<\/div>\n<p>Aktivistja shqiptare n\u00eb Sanxhak, Armina Nuraj n\u00eb vazhd\u00ebn e intervistave t\u00eb saj me qytetar\u00eb t\u00eb k\u00ebsaj krahine q\u00eb ndjehen shqiptar\u00eb ka zhvilluar nj\u00eb bashk\u00ebbisedim me Dzemail Ismeta Rugovac nga Sanxhaku, p\u00ebrcjell INA.<\/p>\n<p>AMINA NURAJ: Kur keni filluar t\u00eb ndiheni si shqiptar?<\/p>\n<p>XHEMAIL RUGOVAC: Ndihem si shqiptar q\u00eb kur e njoh veten.<\/p>\n<p>AMINA NURAJ: Je i vetmi shqiptar n\u00eb familje?<\/p>\n<p>XHEMAIL RUGOVAC: Edhe pse n\u00eb familjen time flasim boshnjakisht, t\u00eb gjith\u00eb ndihemi si shqiptar\u00eb nga Sanxhaku.<\/p>\n<p>AMINA NURAJ: Si \u00ebsht\u00eb t\u00eb jesh shqiptar?<\/p>\n<p>XHEMAIL RUGOVAC: N\u00ebse t\u00eb jesh shqiptar ishte e leht\u00eb, at\u00ebher\u00eb kushdo do t\u00eb ishte shqiptar.<\/p>\n<p>AMINA NURAJ: Nga cili fis vini?<\/p>\n<p>XHEMAIL RUGOVAC: Ne vijm\u00eb nga Rugova, jemi t\u00eb ndar\u00eb n\u00eb tre Fise: Shkrel, Rexhai, Rugovas.<\/p>\n<p>AMINA NURAJ: Sanxhakun e shihni si pjes\u00eb t\u00eb Serbis\u00eb apo pjes\u00eb t\u00eb Shqip\u00ebris\u00eb?<\/p>\n<p>XHEMAIL RUGOVAC: Sanxhaku ka qen\u00eb gjithmon\u00eb nj\u00eb rajon me shumic\u00eb shqiptare dhe nuk do t\u00eb jet\u00eb kurr\u00eb rajoni i Rashk\u00ebs si\u00e7 e quajn\u00eb serb\u00ebt.<\/p>\n<p>AMINA NURAJ: \u00c7far\u00eb do t\u2019i thonit ju si shqiptar diplomacis\u00eb shqiptare?<\/p>\n<p>XHEMAIL RUGOVAC: Un\u00eb si shqiptar do t\u2019i thoja diplomacis\u00eb shqiptare t\u00eb mbaj\u00eb t\u00eb tyren, t\u2019ua kaloj\u00eb brezave t\u00eb tjer\u00eb dhe t\u00eb mos u besoj\u00eb kurr\u00eb serb\u00ebve, edhe n\u00ebse i lidhin me zinxhir\u00eb me ar,sepse shkau bese nuk ka. (INA)<\/p>\n\n<div style=\"font-size: 0px; height: 0px; line-height: 0px; margin: 0; padding: 0; clear: both;\"><\/div>","protected":false},"excerpt":{"rendered":"<p>Aktivistja shqiptare n\u00eb Sanxhak, Armina Nuraj n\u00eb vazhd\u00ebn e intervistave t\u00eb saj me qytetar\u00eb t\u00eb k\u00ebsaj krahine q\u00eb ndjehen shqiptar\u00eb ka zhvilluar nj\u00eb bashk\u00ebbisedim me Dzemail Ismeta&#8230; <\/p>\n","protected":false},"author":1,"featured_media":4344,"comment_status":"open","ping_status":"open","sticky":false,"template":"","format":"standard","meta":{"footnotes":""},"categories":[6],"tags":[],"class_list":["post-4343","post","type-post","status-publish","format-standard","has-post-thumbnail","hentry","category-lajme"],"_links":{"self":[{"href":"https:\/\/new.findnews5.com\/index.php?rest_route=\/wp\/v2\/posts\/4343","targetHints":{"allow":["GET"]}}],"collection":[{"href":"https:\/\/new.findnews5.com\/index.php?rest_route=\/wp\/v2\/posts"}],"about":[{"href":"https:\/\/new.findnews5.com\/index.php?rest_route=\/wp\/v2\/types\/post"}],"author":[{"embeddable":true,"href":"https:\/\/new.findnews5.com\/index.php?rest_route=\/wp\/v2\/users\/1"}],"replies":[{"embeddable":true,"href":"https:\/\/new.findnews5.com\/index.php?rest_route=%2Fwp%2Fv2%2Fcomments&post=4343"}],"version-history":[{"count":0,"href":"https:\/\/new.findnews5.com\/index.php?rest_route=\/wp\/v2\/posts\/4343\/revisions"}],"wp:featuredmedia":[{"embeddable":true,"href":"https:\/\/new.findnews5.com\/index.php?rest_route=\/wp\/v2\/media\/4344"}],"wp:attachment":[{"href":"https:\/\/new.findnews5.com\/index.php?rest_route=%2Fwp%2Fv2%2Fmedia&parent=4343"}],"wp:term":[{"taxonomy":"category","embeddable":true,"href":"https:\/\/new.findnews5.com\/index.php?rest_route=%2Fwp%2Fv2%2Fcategories&post=4343"},{"taxonomy":"post_tag","embeddable":true,"href":"https:\/\/new.findnews5.com\/index.php?rest_route=%2Fwp%2Fv2%2Ftags&post=4343"}],"curies":[{"name":"wp","href":"https:\/\/api.w.org\/{rel}","templated":true}]}}