{"id":4333,"date":"2023-10-04T10:33:58","date_gmt":"2023-10-04T10:33:58","guid":{"rendered":"https:\/\/new.findnews5.com\/?p=4333"},"modified":"2023-10-04T10:33:59","modified_gmt":"2023-10-04T10:33:59","slug":"edhe-1-mije-adem-jashare-po-te-ishin-kosova-do-ishte-territor-i-serbise","status":"publish","type":"post","link":"https:\/\/new.findnews5.com\/?p=4333","title":{"rendered":"&#8220;Edhe 1 mij\u00eb Adem Jashar\u00eb po t\u00eb ishin, Kosova do ishte territor i Serbis\u00eb&#8221;"},"content":{"rendered":"<div class=\"78954ae5fa42b68c1393fe3da4998882\" data-index=\"1\" style=\"float: none; margin:0px 0 0px 0; text-align:center;\">\n<div data-type=\"_mgwidget\" data-widget-id=\"1576712\">\r\n<\/div>\r\n<script>(function(w,q){w[q]=w[q]||[];w[q].push([\"_mgc.load\"])})(window,\"_mgq\");\r\n<\/script>\r\n\n<\/div>\n<p>Gazetari nga Shqip\u00ebria, Albi Xhunga sot vuri n\u00eb m\u00ebdyshje gjakun e t\u00eb r\u00ebn\u00ebve p\u00ebr liri, p\u00ebr t\u00eb cilin tha se nuk ishte \u00e7lirimi, madje duke shtuar se \u201cedhe 1 mij\u00eb Adem Jashar\u00eb po t\u00eb ishin, Kosova do t\u00eb ishte territor i Serbis\u00eb\u201d.<\/p>\n<p>Sipas tij pavar\u00ebsia e Kosov\u00ebs nuk \u00ebsht\u00eb fal\u00eb trim\u00ebris\u00eb heroike t\u00eb U\u00c7K-s\u00eb, por fal\u00eb idiot\u00ebsis\u00eb serbe.<\/p>\n<p>\u201cUn\u00eb b\u00ebj\u00eb pjes\u00eb te ata q\u00eb mendojn\u00eb se ne e kemi pavar\u00ebsin\u00eb e Kosov\u00ebs jo fal\u00eb trim\u00ebris\u00eb heroike t\u00eb U\u00c7K-s\u00eb, por fal\u00eb idiot\u00ebsis\u00eb serbe. Sikur Millosheviqi t\u00eb mos kishte ushtruar gjenocid n\u00eb Kosov\u00eb, Kosova edhe p\u00ebr nj\u00eb mij\u00eb vjet\u00ebt e ardhshme do t\u00eb ishte nj\u00eb territor serb. Edhe sikur t\u00eb kishte nj\u00eb mij\u00eb Adem Jashar\u00eb e nj\u00eb mij\u00eb Hashim Tha\u00e7\u00eb.<\/p>\n<p>Ish-Jugosllavia p\u00ebrb\u00ebhej nga republika t\u00eb cilat ishin t\u00eb barabarta t\u00eb gjitha. Luft\u00ebn n\u00eb ish-Jugosllavi nuk e shkaktoi ndarja e ish-republikave. Dometh\u00ebn\u00eb u shk\u00ebput Sllovenia, pothuajse pa luft\u00eb, u shk\u00ebput Kroacia dhe at\u00ebher\u00eb serb\u00ebt than\u00eb meq\u00eb ju po shk\u00ebputeni dhe keni t\u00eb drejt\u00eb t\u00eb shk\u00ebputeni at\u00ebher\u00eb dhe ata serb\u00ebt q\u00eb gjenden n\u00eb Kroaci kan\u00eb t\u00eb drejt\u00eb t\u00eb shk\u00ebputen\u201d, u shpreh Xhunga n\u00eb Euronews.<\/p>\n\n<div style=\"font-size: 0px; height: 0px; line-height: 0px; margin: 0; padding: 0; clear: both;\"><\/div>","protected":false},"excerpt":{"rendered":"<p>Gazetari nga Shqip\u00ebria, Albi Xhunga sot vuri n\u00eb m\u00ebdyshje gjakun e t\u00eb r\u00ebn\u00ebve p\u00ebr liri, p\u00ebr t\u00eb cilin tha se nuk ishte \u00e7lirimi, madje duke shtuar se&#8230; <\/p>\n","protected":false},"author":1,"featured_media":4334,"comment_status":"open","ping_status":"open","sticky":false,"template":"","format":"standard","meta":{"footnotes":""},"categories":[6],"tags":[],"class_list":["post-4333","post","type-post","status-publish","format-standard","has-post-thumbnail","hentry","category-lajme"],"_links":{"self":[{"href":"https:\/\/new.findnews5.com\/index.php?rest_route=\/wp\/v2\/posts\/4333","targetHints":{"allow":["GET"]}}],"collection":[{"href":"https:\/\/new.findnews5.com\/index.php?rest_route=\/wp\/v2\/posts"}],"about":[{"href":"https:\/\/new.findnews5.com\/index.php?rest_route=\/wp\/v2\/types\/post"}],"author":[{"embeddable":true,"href":"https:\/\/new.findnews5.com\/index.php?rest_route=\/wp\/v2\/users\/1"}],"replies":[{"embeddable":true,"href":"https:\/\/new.findnews5.com\/index.php?rest_route=%2Fwp%2Fv2%2Fcomments&post=4333"}],"version-history":[{"count":0,"href":"https:\/\/new.findnews5.com\/index.php?rest_route=\/wp\/v2\/posts\/4333\/revisions"}],"wp:featuredmedia":[{"embeddable":true,"href":"https:\/\/new.findnews5.com\/index.php?rest_route=\/wp\/v2\/media\/4334"}],"wp:attachment":[{"href":"https:\/\/new.findnews5.com\/index.php?rest_route=%2Fwp%2Fv2%2Fmedia&parent=4333"}],"wp:term":[{"taxonomy":"category","embeddable":true,"href":"https:\/\/new.findnews5.com\/index.php?rest_route=%2Fwp%2Fv2%2Fcategories&post=4333"},{"taxonomy":"post_tag","embeddable":true,"href":"https:\/\/new.findnews5.com\/index.php?rest_route=%2Fwp%2Fv2%2Ftags&post=4333"}],"curies":[{"name":"wp","href":"https:\/\/api.w.org\/{rel}","templated":true}]}}