{"id":4320,"date":"2023-10-04T09:39:56","date_gmt":"2023-10-04T09:39:56","guid":{"rendered":"https:\/\/new.findnews5.com\/?p=4320"},"modified":"2023-10-04T09:39:59","modified_gmt":"2023-10-04T09:39:59","slug":"milan-radojicic-lirohet-nga-burgu-i-ndalohet-hyrja-ne-kosove","status":"publish","type":"post","link":"https:\/\/new.findnews5.com\/?p=4320","title":{"rendered":"Milan Radoji\u00e7i\u00e7 lirohet nga burgu, i ndalohet hyrja n\u00eb Kosov\u00eb"},"content":{"rendered":"<div class=\"78954ae5fa42b68c1393fe3da4998882\" data-index=\"1\" style=\"float: none; margin:0px 0 0px 0; text-align:center;\">\n<div data-type=\"_mgwidget\" data-widget-id=\"1576712\">\r\n<\/div>\r\n<script>(function(w,q){w[q]=w[q]||[];w[q].push([\"_mgc.load\"])})(window,\"_mgq\");\r\n<\/script>\r\n\n<\/div>\n\n<p><a href=\"https:\/\/abcnews.al\/milan-radojicic-lirohet-nga-burgu-i-ndalohet-hyrja-ne-kosove\/\" rel=\"noreferrer noopener\" target=\"_blank\"><\/a><\/p>\n\n\n\n<p>Milan Radoji\u00e7i\u00e7 \u00ebsht\u00eb liruar nga burgu, ende pa mbushur 24 or\u00eb.&nbsp; M\u00ebsohet se atij i ndalohet hyrja n\u00eb Kosov\u00eb dhe largimi nga shteti serb.<\/p>\n\n\n\n<p>Gjykata n\u00eb Serbi ka refuzuar k\u00ebrkes\u00ebn e Prokuroris\u00eb p\u00ebr caktimin e paraburgimit p\u00ebr Milan Radoji\u00e7i\u00e7in, shkruajn\u00eb mediat serbe.<\/p>\n\n\n\n<p>Sipas k\u00ebtij vendimi, Radoji\u00e7i\u00e7 \u201cs\u2019ka t\u00eb drejt\u00eb t\u00eb futet n\u00eb Kosov\u00eb dhe t\u00eb largohet nga Serbia pa miratim t\u00eb Gjykat\u00ebs\u201c. Ai gjithashtu \u00ebsht\u00eb i detyruar t\u00eb paraqitet n\u00eb koisariat n\u00eb datat 1 dhe 15.<\/p>\n\n\n\n<p>Gjithashtu, i \u00ebsht\u00eb konfiskuar t pasaporta serbe, dhe i \u00ebsht\u00eb t\u00ebrhequr v\u00ebrejtja se mund t\u00eb ndalohet n\u00ebse shkel ndonj\u00ebr\u00ebn nga k\u00ebto masa dhe obligime.<strong>\/abcnews.al<\/strong><\/p>\n\n<div style=\"font-size: 0px; height: 0px; line-height: 0px; margin: 0; padding: 0; clear: both;\"><\/div>","protected":false},"excerpt":{"rendered":"<p>Milan Radoji\u00e7i\u00e7 \u00ebsht\u00eb liruar nga burgu, ende pa mbushur 24 or\u00eb.&nbsp; M\u00ebsohet se atij i ndalohet hyrja n\u00eb Kosov\u00eb dhe largimi nga shteti serb. Gjykata n\u00eb Serbi&#8230; <\/p>\n","protected":false},"author":1,"featured_media":4321,"comment_status":"open","ping_status":"open","sticky":false,"template":"","format":"standard","meta":{"footnotes":""},"categories":[6],"tags":[],"class_list":["post-4320","post","type-post","status-publish","format-standard","has-post-thumbnail","hentry","category-lajme"],"_links":{"self":[{"href":"https:\/\/new.findnews5.com\/index.php?rest_route=\/wp\/v2\/posts\/4320","targetHints":{"allow":["GET"]}}],"collection":[{"href":"https:\/\/new.findnews5.com\/index.php?rest_route=\/wp\/v2\/posts"}],"about":[{"href":"https:\/\/new.findnews5.com\/index.php?rest_route=\/wp\/v2\/types\/post"}],"author":[{"embeddable":true,"href":"https:\/\/new.findnews5.com\/index.php?rest_route=\/wp\/v2\/users\/1"}],"replies":[{"embeddable":true,"href":"https:\/\/new.findnews5.com\/index.php?rest_route=%2Fwp%2Fv2%2Fcomments&post=4320"}],"version-history":[{"count":0,"href":"https:\/\/new.findnews5.com\/index.php?rest_route=\/wp\/v2\/posts\/4320\/revisions"}],"wp:featuredmedia":[{"embeddable":true,"href":"https:\/\/new.findnews5.com\/index.php?rest_route=\/wp\/v2\/media\/4321"}],"wp:attachment":[{"href":"https:\/\/new.findnews5.com\/index.php?rest_route=%2Fwp%2Fv2%2Fmedia&parent=4320"}],"wp:term":[{"taxonomy":"category","embeddable":true,"href":"https:\/\/new.findnews5.com\/index.php?rest_route=%2Fwp%2Fv2%2Fcategories&post=4320"},{"taxonomy":"post_tag","embeddable":true,"href":"https:\/\/new.findnews5.com\/index.php?rest_route=%2Fwp%2Fv2%2Ftags&post=4320"}],"curies":[{"name":"wp","href":"https:\/\/api.w.org\/{rel}","templated":true}]}}