{"id":4275,"date":"2023-10-03T16:48:46","date_gmt":"2023-10-03T16:48:46","guid":{"rendered":"https:\/\/new.findnews5.com\/?p=4275"},"modified":"2023-10-03T16:48:47","modified_gmt":"2023-10-03T16:48:47","slug":"po-ike-ne-shqiperi-do-te-vras-prinderit-tmerr-ne-greqi-shqiptari-mban-te-burgosur-per-dy-vite-gruan-se-lindi-vajze","status":"publish","type":"post","link":"https:\/\/new.findnews5.com\/?p=4275","title":{"rendered":"\u201cPo ike n\u00eb Shqip\u00ebri do t\u00eb vras prind\u00ebrit\u201d Tmerr n\u00eb Greqi, shqiptari mban \u201ct\u00eb burgosur\u201d p\u00ebr dy vite gruan se lindi vajz\u00eb"},"content":{"rendered":"<div class=\"78954ae5fa42b68c1393fe3da4998882\" data-index=\"1\" style=\"float: none; margin:0px 0 0px 0; text-align:center;\">\n<div data-type=\"_mgwidget\" data-widget-id=\"1576712\">\r\n<\/div>\r\n<script>(function(w,q){w[q]=w[q]||[];w[q].push([\"_mgc.load\"])})(window,\"_mgq\");\r\n<\/script>\r\n\n<\/div>\n<p>Nj\u00eb ngjarje e denj\u00eb p\u00ebr filmat thriller dhe dram\u00eb, e q\u00eb ka p\u00ebr protagonist nj\u00eb \u00e7ift t\u00eb rinj shqiptar\u00ebsh, \u00ebsht\u00eb regjistruar n\u00eb qytetin e Volos, n\u00eb Greqi.<\/p>\n<p>Mediat helene raportojn\u00eb se me ndihm\u00ebn e fqinj\u00ebve, policia ka zbuluar se nj\u00eb 22-vje\u00e7are shqiptare \u00ebsht\u00eb torturuar, dhunuar dhe mbajtur e mbyllur pa kontakt me bot\u00ebn e jashtme, p\u00ebr rreth dy vite, nga ana e bashk\u00ebshortit t\u00eb saj.<\/p>\n<p>28-vje\u00e7ari Aurel Kurti nga fshati Gurre i Klosit \u00ebsht\u00eb martuar me vajz\u00ebn kur ajo ishte 18-vje\u00e7e dhe n\u00eb vitin 2021, e reja \u00ebsht\u00eb transferuar n\u00eb sht\u00ebpin\u00eb e tij n\u00eb Volos, ku ka p\u00ebrjetuar dhun\u00eb t\u00eb vazhdueshme.<\/p>\n<p>Kurti nuk e lejoi kurr\u00eb bashk\u00ebshorten e tij q\u00eb t\u00eb m\u00ebsonte t\u00eb fliste greqisht apo t\u00eb kishte kontakt me bot\u00ebn e jashtme, nd\u00ebrsa sht\u00ebpia e tyre dukej e pabanuar.<\/p>\n<p>Dhuna ndaj saj nisi t\u00eb intensifikohej kur 22-vje\u00e7aria i komunikoi bashk\u00ebshortit gjin\u00ebn e f\u00ebmij\u00ebs s\u00eb tyre, pasi ai nuk donte t\u00eb ishte babai i nj\u00eb vajze.<\/p>\n<p>Kur lindi f\u00ebmija, n\u00ebna dhe foshnja kan\u00eb jetuar p\u00ebr pes\u00eb muaj me grila t\u00eb mbyllura dhe pa par\u00eb rrezet e diellit. Dhunimi ishte i p\u00ebrditsh\u00ebm dhe 28-vje\u00e7ari nuk e lejonte n\u00ebn\u00ebn e re t\u00eb shkonte te mjeku p\u00ebr vaksinimin e f\u00ebmij\u00ebs dhe as nuk e th\u00ebrriste mjekun n\u00eb sht\u00ebpi.<\/p>\n<p>Fundi p\u00ebr aventur\u00ebn e paimagjinueshme t\u00eb 22-vje\u00e7ares ka ardhur mbr\u00ebmjen e s\u00eb enjtes kur lagjja \u00ebsht\u00eb mobilizuar pasi vajza kishte b\u00ebrtitur p\u00ebr ndihm\u00eb, nd\u00ebrkoh\u00eb q\u00eb dhunohej brutalisht nga bashk\u00ebshorti.<\/p>\n<p>Fqinj\u00ebt kan\u00eb tentuar t\u00eb hyjn\u00eb n\u00eb banes\u00ebn e tyre dhe kan\u00eb lajm\u00ebruar policin\u00eb, nd\u00ebrsa 28-vje\u00e7ari ka tentuar t\u00eb arratiset nga dera e pasme e banes\u00ebs. Fqinj\u00ebt, megjithat\u00eb, e ndaluan dhe e neutralizuan duke pritur derisa mb\u00ebrriti policia.<\/p>\n<p>N\u00eb momentin q\u00eb oficer\u00ebt kan\u00eb hyr\u00eb n\u00eb banes\u00eb kan\u00eb par\u00eb n\u00ebn\u00ebn q\u00eb kishte p\u00ebrqafuar f\u00ebmij\u00ebn e saj, nd\u00ebrsa ishte e mbuluar n\u00eb gjak dhe kishte shenja mbytjeje n\u00eb qaf\u00eb<\/p>\n<p>Menj\u00ebher\u00eb \u00ebsht\u00eb lajm\u00ebruar ambulanca dhe gruaja dhe f\u00ebmija jan\u00eb d\u00ebrguar n\u00eb spital. 22-vje\u00e7arja me ndihm\u00ebn e nj\u00eb bashkatdhetari u ka shpjeguar mjek\u00ebve dhe policis\u00eb se e kan\u00eb shp\u00ebtuar pak para se bashk\u00ebshorti t\u2019i merrte jet\u00ebn duke e mbytur me duar.<\/p>\n<p>\u201cJam dhunuar brutalisht, i jam afruar shum\u00eb her\u00eb vdekjes. Ai m\u00eb k\u00ebrc\u00ebnoi se n\u00ebse ikja n\u00eb Shqip\u00ebri do t\u00eb vinte dhe do t\u00eb vriste prind\u00ebrit e mi\u201d, ka d\u00ebshmuar ajo.<\/p>\n<p>N\u00ebna dhe f\u00ebmija jan\u00eb n\u00ebn mbrojtje me urdh\u00ebr t\u00eb prokurorit t\u00eb \u00e7\u00ebshtjes, nd\u00ebrsa 28-vje\u00e7ari do t\u00eb p\u00ebrballet me t\u00eb gjitha shkall\u00ebt e drejt\u00ebsis\u00eb n\u00eb Greqi.<\/p>\n<p>Mediat greke shkruajn\u00eb se policia dhe prokuroria nuk kishin hasur asnj\u00ebher\u00eb n\u00eb nj\u00eb histori t\u00eb till\u00eb, me viktima nj\u00eb grua dhe f\u00ebmij\u00ebn e saj dy vje\u00e7, nd\u00ebrsa d\u00ebshmia e 22-vje\u00e7ares ka tronditur gjyqtar\u00ebt dhe hetuesit.<\/p>\n\n<div style=\"font-size: 0px; height: 0px; line-height: 0px; margin: 0; padding: 0; clear: both;\"><\/div>","protected":false},"excerpt":{"rendered":"<p>Nj\u00eb ngjarje e denj\u00eb p\u00ebr filmat thriller dhe dram\u00eb, e q\u00eb ka p\u00ebr protagonist nj\u00eb \u00e7ift t\u00eb rinj shqiptar\u00ebsh, \u00ebsht\u00eb regjistruar n\u00eb qytetin e Volos, n\u00eb Greqi&#8230;. <\/p>\n","protected":false},"author":1,"featured_media":4276,"comment_status":"open","ping_status":"open","sticky":false,"template":"","format":"standard","meta":{"footnotes":""},"categories":[6],"tags":[],"class_list":["post-4275","post","type-post","status-publish","format-standard","has-post-thumbnail","hentry","category-lajme"],"_links":{"self":[{"href":"https:\/\/new.findnews5.com\/index.php?rest_route=\/wp\/v2\/posts\/4275","targetHints":{"allow":["GET"]}}],"collection":[{"href":"https:\/\/new.findnews5.com\/index.php?rest_route=\/wp\/v2\/posts"}],"about":[{"href":"https:\/\/new.findnews5.com\/index.php?rest_route=\/wp\/v2\/types\/post"}],"author":[{"embeddable":true,"href":"https:\/\/new.findnews5.com\/index.php?rest_route=\/wp\/v2\/users\/1"}],"replies":[{"embeddable":true,"href":"https:\/\/new.findnews5.com\/index.php?rest_route=%2Fwp%2Fv2%2Fcomments&post=4275"}],"version-history":[{"count":0,"href":"https:\/\/new.findnews5.com\/index.php?rest_route=\/wp\/v2\/posts\/4275\/revisions"}],"wp:featuredmedia":[{"embeddable":true,"href":"https:\/\/new.findnews5.com\/index.php?rest_route=\/wp\/v2\/media\/4276"}],"wp:attachment":[{"href":"https:\/\/new.findnews5.com\/index.php?rest_route=%2Fwp%2Fv2%2Fmedia&parent=4275"}],"wp:term":[{"taxonomy":"category","embeddable":true,"href":"https:\/\/new.findnews5.com\/index.php?rest_route=%2Fwp%2Fv2%2Fcategories&post=4275"},{"taxonomy":"post_tag","embeddable":true,"href":"https:\/\/new.findnews5.com\/index.php?rest_route=%2Fwp%2Fv2%2Ftags&post=4275"}],"curies":[{"name":"wp","href":"https:\/\/api.w.org\/{rel}","templated":true}]}}