{"id":4268,"date":"2023-10-03T11:18:40","date_gmt":"2023-10-03T11:18:40","guid":{"rendered":"https:\/\/new.findnews5.com\/?p=4268"},"modified":"2023-10-03T11:18:41","modified_gmt":"2023-10-03T11:18:41","slug":"ose-e-imja-ose-e-askujt-vrasja-e-klodiana-vefes-e-paralajmeruar-po-te-numerohen-ditet-te-tjera-detaje","status":"publish","type":"post","link":"https:\/\/new.findnews5.com\/?p=4268","title":{"rendered":"\u201cOse e imja ose e askujt\u201d, vrasja e Klodiana Vef\u00ebs e paralajm\u00ebruar: Po t\u00eb num\u00ebrohen dit\u00ebt.. (Te tjera detaje)"},"content":{"rendered":"<div class=\"78954ae5fa42b68c1393fe3da4998882\" data-index=\"1\" style=\"float: none; margin:0px 0 0px 0; text-align:center;\">\n<div data-type=\"_mgwidget\" data-widget-id=\"1576712\">\r\n<\/div>\r\n<script>(function(w,q){w[q]=w[q]||[];w[q].push([\"_mgc.load\"])})(window,\"_mgq\");\r\n<\/script>\r\n\n<\/div>\n<p>Klodiana Vefa, 37-vje\u00e7arja shqiptare q\u00eb u vra n\u00eb Itali nga bashk\u00ebshorti i saj, duket se \u00ebsht\u00eb nj\u00eb krim i paralajm\u00ebruar. T\u00eb pakt\u00ebn k\u00ebshtu raportojn\u00eb mediat italiane pas zbulimit t\u00eb disa detajeve t\u00eb reja.<\/p>\n<p>Martesa e Klodian\u00ebs me bashk\u00ebshortin Alfred Vefa kishte marr\u00eb fund prej rreth 6 vitesh. 37-vje\u00e7arja kishte nj\u00eb t\u00eb dashur tjet\u00ebr disa koh\u00eb m\u00eb par\u00eb, nd\u00ebrsa ky i fundit kishte takuar edhe Alfredin duke i k\u00ebrkuar q\u00eb t\u2019i jepte fund lidhjes me Klodian\u00ebn.<\/p>\n<p>Por bashk\u00ebshorti nuk e pranonte ndarjen. Sipas informacioneve t\u00eb fundit, ai e kishte k\u00ebrc\u00ebnuar disa her\u00eb Klodian\u00ebn, duke i th\u00ebn\u00eb \u201cpo t\u00eb num\u00ebrohen dit\u00ebt\u201d dhe \u201cdo t\u00eb jesh e imja ose e askujt\u201d.<\/p>\n<p>Sipas hetuesve italian\u00eb q\u00eb kan\u00eb mbledhur prova dhe kan\u00eb marr\u00eb d\u00ebshmi t\u00eb tjera, kan\u00eb mundur t\u00eb m\u00ebsojn\u00eb se Klodiana Vefa ishte n\u00eb dijeni q\u00eb Alfredi mbante nj\u00eb arm\u00eb pa leje, por nuk kishte frik\u00eb.<\/p>\n<p>Grupi hetimor beson se p\u00ebr vrasjen e 37-vje\u00e7ares nuk kishte nj\u00eb shkak konkret, por ka qen\u00eb situata e nder\u00eb e akumuluar prej koh\u00ebsh mes \u00e7iftit \u00e7ka detyroi Alfred Vef\u00ebn t\u00eb ekzekutonte me 3 plumba 37-vje\u00e7aren, n\u00ebn\u00eb e dy f\u00ebmij\u00ebve. Mikesha t\u00eb Klodiana Vef\u00ebs e kan\u00eb p\u00ebrshkruar bashk\u00ebshortin e saj si nj\u00eb njeri t\u00eb dhunsh\u00ebm.<\/p>\n<p>\u201cPara disa vitesh m\u00eb n\u00eb fund arriti q\u00eb t\u00eb ndahej nga bashk\u00ebshorti, ishte nj\u00eb burr\u00eb jo i mir\u00eb. Ishte njeri i dhunsh\u00ebm, e dinim t\u00eb gjith\u00eb. Ai i ushtronte dhun\u00eb psikologjike. Ajo ishte gjithmon\u00eb e qeshur dhe e g\u00ebzuar, ndryshoi krejt\u00ebsisht kur ishte me t\u00eb. Ai ishte njeri i friksh\u00ebm, por ajo nuk e denoncoi kurr\u00eb at\u00eb\u201d.<\/p>\n<p>Trupi i pajet\u00eb i Klodiana Vef\u00ebs u gjet nga f\u00ebmij\u00ebt e saj. Nd\u00ebrsa autori, Alfred Vefa u arratis pas krimit. Ai vijon t\u00eb jet\u00eb n\u00eb k\u00ebrkim nga policia italiane. Ngjarja e r\u00ebnd\u00eb ndodhi mbr\u00ebmjen e s\u00eb enjtes n\u00eb qytetin Castelfiorentino.<\/p>\n\n<div style=\"font-size: 0px; height: 0px; line-height: 0px; margin: 0; padding: 0; clear: both;\"><\/div>","protected":false},"excerpt":{"rendered":"<p>Klodiana Vefa, 37-vje\u00e7arja shqiptare q\u00eb u vra n\u00eb Itali nga bashk\u00ebshorti i saj, duket se \u00ebsht\u00eb nj\u00eb krim i paralajm\u00ebruar. T\u00eb pakt\u00ebn k\u00ebshtu raportojn\u00eb mediat italiane pas&#8230; <\/p>\n","protected":false},"author":1,"featured_media":4269,"comment_status":"open","ping_status":"open","sticky":false,"template":"","format":"standard","meta":{"footnotes":""},"categories":[6],"tags":[],"class_list":["post-4268","post","type-post","status-publish","format-standard","has-post-thumbnail","hentry","category-lajme"],"_links":{"self":[{"href":"https:\/\/new.findnews5.com\/index.php?rest_route=\/wp\/v2\/posts\/4268","targetHints":{"allow":["GET"]}}],"collection":[{"href":"https:\/\/new.findnews5.com\/index.php?rest_route=\/wp\/v2\/posts"}],"about":[{"href":"https:\/\/new.findnews5.com\/index.php?rest_route=\/wp\/v2\/types\/post"}],"author":[{"embeddable":true,"href":"https:\/\/new.findnews5.com\/index.php?rest_route=\/wp\/v2\/users\/1"}],"replies":[{"embeddable":true,"href":"https:\/\/new.findnews5.com\/index.php?rest_route=%2Fwp%2Fv2%2Fcomments&post=4268"}],"version-history":[{"count":0,"href":"https:\/\/new.findnews5.com\/index.php?rest_route=\/wp\/v2\/posts\/4268\/revisions"}],"wp:featuredmedia":[{"embeddable":true,"href":"https:\/\/new.findnews5.com\/index.php?rest_route=\/wp\/v2\/media\/4269"}],"wp:attachment":[{"href":"https:\/\/new.findnews5.com\/index.php?rest_route=%2Fwp%2Fv2%2Fmedia&parent=4268"}],"wp:term":[{"taxonomy":"category","embeddable":true,"href":"https:\/\/new.findnews5.com\/index.php?rest_route=%2Fwp%2Fv2%2Fcategories&post=4268"},{"taxonomy":"post_tag","embeddable":true,"href":"https:\/\/new.findnews5.com\/index.php?rest_route=%2Fwp%2Fv2%2Ftags&post=4268"}],"curies":[{"name":"wp","href":"https:\/\/api.w.org\/{rel}","templated":true}]}}