{"id":4265,"date":"2023-10-03T11:06:50","date_gmt":"2023-10-03T11:06:50","guid":{"rendered":"https:\/\/new.findnews5.com\/?p=4265"},"modified":"2023-10-03T11:06:51","modified_gmt":"2023-10-03T11:06:51","slug":"haradinaj-tregon-se-pse-e-kishte-pritur-radojiciqin-ne-zyre","status":"publish","type":"post","link":"https:\/\/new.findnews5.com\/?p=4265","title":{"rendered":"Haradinaj tregon se pse e kishte pritur Radoji\u00e7iqin n\u00eb zyr\u00eb"},"content":{"rendered":"<div class=\"78954ae5fa42b68c1393fe3da4998882\" data-index=\"1\" style=\"float: none; margin:0px 0 0px 0; text-align:center;\">\n<div data-type=\"_mgwidget\" data-widget-id=\"1576712\">\r\n<\/div>\r\n<script>(function(w,q){w[q]=w[q]||[];w[q].push([\"_mgc.load\"])})(window,\"_mgq\");\r\n<\/script>\r\n\n<\/div>\n<p>Kryetari i Aleanc\u00ebs p\u00ebr Ardhm\u00ebrin\u00eb e Kosov\u00ebs Ramush Haradinaj, ka folur p\u00ebr koh\u00ebn kur ishte kryeminist\u00ebr. Ai tregoi edhe arsyen se pse e kishte pritur Milan Radoji\u00e7iqin, n\u00eb zyren e tij.<\/p>\n<p>Haradinaj tha se n\u00eb at\u00eb koh\u00eb Radoji\u00e7iq nuk ishte i sanksionuar nga Shtetet e Bashkuara t\u00eb Amerik\u00ebs.<\/p>\n<p>\u201cN\u00eb koh\u00ebn e krijimit t\u00eb ushtris\u00eb s\u00eb Kosov\u00ebs kemi zhvilluar biseda me t\u00eb p\u00ebr ligjet p\u00ebr ushtrin\u00eb. N\u00eb at\u00eb koh\u00eb jam munduar t\u2019u shpjegoj se ligjet tona nuk jan\u00eb kund\u00ebr serb\u00ebve t\u00eb Kosov\u00ebs dhe u kam siguruar atyre q\u00eb edhe f\u00ebmija i tyre mund t\u00eb b\u00ebhet pjes\u00eb e ushtris\u00eb s\u00eb Kosov\u00ebs. Ata nuk ran\u00eb dakord. Ata k\u00ebrkonin q\u00eb n\u00eb ligj t\u00eb shtohet nj\u00eb nen ku t\u00eb thuhet se ushtria e Kosov\u00ebs nuk shkon n\u00eb veri pa lejen e NATO dhe KFOR\u201d, tha Haradinaj p\u00ebr Euronews Albania p\u00ebrcjell Klankosova.tv<\/p>\n<p>Ish-kryeministri i Kosov\u00ebs shtoi se ngjarja e ndodhur n\u00eb Banjsk\u00eb ishte nj\u00eb sulm i past\u00ebr terrorist, q\u00eb u neutralizua fal\u00eb profesionalizimit t\u00eb policis\u00eb s\u00eb Kosov\u00ebs.<\/p>\n\n<div style=\"font-size: 0px; height: 0px; line-height: 0px; margin: 0; padding: 0; clear: both;\"><\/div>","protected":false},"excerpt":{"rendered":"<p>Kryetari i Aleanc\u00ebs p\u00ebr Ardhm\u00ebrin\u00eb e Kosov\u00ebs Ramush Haradinaj, ka folur p\u00ebr koh\u00ebn kur ishte kryeminist\u00ebr. Ai tregoi edhe arsyen se pse e kishte pritur Milan Radoji\u00e7iqin,&#8230; <\/p>\n","protected":false},"author":1,"featured_media":4266,"comment_status":"open","ping_status":"open","sticky":false,"template":"","format":"standard","meta":{"footnotes":""},"categories":[6],"tags":[],"class_list":["post-4265","post","type-post","status-publish","format-standard","has-post-thumbnail","hentry","category-lajme"],"_links":{"self":[{"href":"https:\/\/new.findnews5.com\/index.php?rest_route=\/wp\/v2\/posts\/4265","targetHints":{"allow":["GET"]}}],"collection":[{"href":"https:\/\/new.findnews5.com\/index.php?rest_route=\/wp\/v2\/posts"}],"about":[{"href":"https:\/\/new.findnews5.com\/index.php?rest_route=\/wp\/v2\/types\/post"}],"author":[{"embeddable":true,"href":"https:\/\/new.findnews5.com\/index.php?rest_route=\/wp\/v2\/users\/1"}],"replies":[{"embeddable":true,"href":"https:\/\/new.findnews5.com\/index.php?rest_route=%2Fwp%2Fv2%2Fcomments&post=4265"}],"version-history":[{"count":0,"href":"https:\/\/new.findnews5.com\/index.php?rest_route=\/wp\/v2\/posts\/4265\/revisions"}],"wp:featuredmedia":[{"embeddable":true,"href":"https:\/\/new.findnews5.com\/index.php?rest_route=\/wp\/v2\/media\/4266"}],"wp:attachment":[{"href":"https:\/\/new.findnews5.com\/index.php?rest_route=%2Fwp%2Fv2%2Fmedia&parent=4265"}],"wp:term":[{"taxonomy":"category","embeddable":true,"href":"https:\/\/new.findnews5.com\/index.php?rest_route=%2Fwp%2Fv2%2Fcategories&post=4265"},{"taxonomy":"post_tag","embeddable":true,"href":"https:\/\/new.findnews5.com\/index.php?rest_route=%2Fwp%2Fv2%2Ftags&post=4265"}],"curies":[{"name":"wp","href":"https:\/\/api.w.org\/{rel}","templated":true}]}}