{"id":4261,"date":"2023-10-02T23:28:17","date_gmt":"2023-10-02T23:28:17","guid":{"rendered":"https:\/\/new.findnews5.com\/?p=4261"},"modified":"2023-10-02T23:28:18","modified_gmt":"2023-10-02T23:28:18","slug":"kryebashkiaku-rreh-brutalisht-pronaren-e-lokalit-se-nuk-i-dha-per-te-pire","status":"publish","type":"post","link":"https:\/\/new.findnews5.com\/?p=4261","title":{"rendered":"Kryebashkiaku rreh brutalisht pronaren e lokalit se nuk i dha p\u00ebr t\u00eb pir\u00eb"},"content":{"rendered":"<div class=\"78954ae5fa42b68c1393fe3da4998882\" data-index=\"1\" style=\"float: none; margin:0px 0 0px 0; text-align:center;\">\n<div data-type=\"_mgwidget\" data-widget-id=\"1576712\">\r\n<\/div>\r\n<script>(function(w,q){w[q]=w[q]||[];w[q].push([\"_mgc.load\"])})(window,\"_mgq\");\r\n<\/script>\r\n\n<\/div>\n<p>Nj\u00eb incident i r\u00ebnd\u00eb \u00ebsht\u00eb regjistruar nga kamerat e sigurie t\u00eb nj\u00eb biznesi n\u00eb Kroaci, ku duket Iva Milka Kramari\u00e7, pronare e nj\u00eb kafeneje n\u00eb Severin, n\u00eb veri t\u00eb Kroacis\u00eb, e cila \u00ebsht\u00eb sulmuar fizikisht nga kryetari i komun\u00ebs, Zharko Zhgela.<\/p>\n<p>B\u00ebhet fjal\u00eb p\u00ebr nj\u00eb komun\u00eb t\u00eb vog\u00ebl n\u00eb qarkun Bjelovar-Bilogora me pothuajse 700 banor\u00eb, raporton jutarnjilist.<\/p>\n<p>\u201cZharko Zhgela m\u00eb goditi n\u00eb gjendje t\u00eb dehur para kafenes\u00eb sime n\u00eb Severin. P\u00ebr k\u00ebt\u00eb ka d\u00ebshmi. Jan\u00eb pamjet e kamerave t\u00eb v\u00ebzhgimit q\u00eb i kam vendosur n\u00eb dhe p\u00ebrreth kafenes\u00eb\u201d, tha Kramari\u00e7.<\/p>\n<p>Ngjarja ka ndodhur pasi \u201cshefit\u201d i \u00ebsht\u00eb refuzuar pirja sepse ishte duksh\u00ebm i dehur.<\/p>\n<p>\u201cPasi e largova nga vetja, shefi m\u00eb b\u00ebrtiti dhe m\u00eb shau. A e dini kush jam, ky \u00ebsht\u00eb fshati im. M\u00eb ka goditur disa her\u00eb, her\u00eb me grusht, her\u00eb me shuplaka\u201d, kujton Kramari\u00e7.<\/p>\n<p>Policia kroate ka njoftuar se \u00ebsht\u00eb duke u zhvilluar nj\u00eb hetim penal. Zhgela e mohoi prerazi p\u00ebrfshirjen, por nd\u00ebrkoh\u00eb dha dor\u00ebheqje nga partia HDZ, e cila e d\u00ebnoi ashp\u00ebr k\u00ebt\u00eb veprim t\u00eb tij.<\/p>\n\n<div style=\"font-size: 0px; height: 0px; line-height: 0px; margin: 0; padding: 0; clear: both;\"><\/div>","protected":false},"excerpt":{"rendered":"<p>Nj\u00eb incident i r\u00ebnd\u00eb \u00ebsht\u00eb regjistruar nga kamerat e sigurie t\u00eb nj\u00eb biznesi n\u00eb Kroaci, ku duket Iva Milka Kramari\u00e7, pronare e nj\u00eb kafeneje n\u00eb Severin, n\u00eb&#8230; <\/p>\n","protected":false},"author":1,"featured_media":4262,"comment_status":"open","ping_status":"open","sticky":false,"template":"","format":"standard","meta":{"footnotes":""},"categories":[6],"tags":[],"class_list":["post-4261","post","type-post","status-publish","format-standard","has-post-thumbnail","hentry","category-lajme"],"_links":{"self":[{"href":"https:\/\/new.findnews5.com\/index.php?rest_route=\/wp\/v2\/posts\/4261","targetHints":{"allow":["GET"]}}],"collection":[{"href":"https:\/\/new.findnews5.com\/index.php?rest_route=\/wp\/v2\/posts"}],"about":[{"href":"https:\/\/new.findnews5.com\/index.php?rest_route=\/wp\/v2\/types\/post"}],"author":[{"embeddable":true,"href":"https:\/\/new.findnews5.com\/index.php?rest_route=\/wp\/v2\/users\/1"}],"replies":[{"embeddable":true,"href":"https:\/\/new.findnews5.com\/index.php?rest_route=%2Fwp%2Fv2%2Fcomments&post=4261"}],"version-history":[{"count":0,"href":"https:\/\/new.findnews5.com\/index.php?rest_route=\/wp\/v2\/posts\/4261\/revisions"}],"wp:featuredmedia":[{"embeddable":true,"href":"https:\/\/new.findnews5.com\/index.php?rest_route=\/wp\/v2\/media\/4262"}],"wp:attachment":[{"href":"https:\/\/new.findnews5.com\/index.php?rest_route=%2Fwp%2Fv2%2Fmedia&parent=4261"}],"wp:term":[{"taxonomy":"category","embeddable":true,"href":"https:\/\/new.findnews5.com\/index.php?rest_route=%2Fwp%2Fv2%2Fcategories&post=4261"},{"taxonomy":"post_tag","embeddable":true,"href":"https:\/\/new.findnews5.com\/index.php?rest_route=%2Fwp%2Fv2%2Ftags&post=4261"}],"curies":[{"name":"wp","href":"https:\/\/api.w.org\/{rel}","templated":true}]}}