{"id":4258,"date":"2023-10-02T23:26:42","date_gmt":"2023-10-02T23:26:42","guid":{"rendered":"https:\/\/new.findnews5.com\/?p=4258"},"modified":"2023-10-02T23:26:43","modified_gmt":"2023-10-02T23:26:43","slug":"per-cdo-serb-te-vrare-i-vrasim-100-myslimane-deklarata-e-vuciqit-per-te-cilen-su-pendua-asnjehere","status":"publish","type":"post","link":"https:\/\/new.findnews5.com\/?p=4258","title":{"rendered":"\u201cP\u00ebr \u00e7do serb t\u00eb vrar\u00eb, i vrasim 100 mysliman\u00eb\u201d, deklarata e Vu\u00e7iqit p\u00ebr t\u00eb cil\u00ebn s\u2019u pendua asnj\u00ebher\u00eb"},"content":{"rendered":"<div class=\"78954ae5fa42b68c1393fe3da4998882\" data-index=\"1\" style=\"float: none; margin:0px 0 0px 0; text-align:center;\">\n<div data-type=\"_mgwidget\" data-widget-id=\"1576712\">\r\n<\/div>\r\n<script>(function(w,q){w[q]=w[q]||[];w[q].push([\"_mgc.load\"])})(window,\"_mgq\");\r\n<\/script>\r\n\n<\/div>\n<p>\u201cP\u00ebr \u00e7do serb t\u00eb vrar\u00eb ne do t\u00eb vrasim 100 mysliman\u00eb\u201d, kishte th\u00ebn\u00eb Aleksandar Vu\u00e7iq (presidenti aktual serb) n\u00eb korrik t\u00eb vitit 1995, vet\u00ebm disa dit\u00eb pasi u masakruan mbi 8000 mysliman\u00eb nga ushtria kriminale serbe n\u00eb Srebrenic\u00eb t\u00eb Bosnj\u00eb dhe Hercegovin\u00ebs.<\/p>\n<p>Q\u00eb nga ajo koh\u00eb, Vu\u00e7iq asnj\u00ebher\u00eb nuk ka k\u00ebrkuar falje, madje ka shkuar aq larg saq\u00eb e ka mohuar gjenocidin e kryer nga Serbia n\u00eb Bosnj\u00eb dhe Hercegovin\u00eb.<\/p>\n<p>Derisa gjenocidi i tmerrsh\u00ebm ishte n\u00eb dit\u00ebn e n\u00ebnt\u00eb, m\u00eb 20 korrik 1995, nj\u00eb Vu\u00e7iq sfidues i tha bot\u00ebs:<\/p>\n<p>\u201cEjani t\u00eb na bombardoni, vritni nj\u00eb serb dhe ne do t\u00eb vrasim 100 mysliman\u00eb. Dhe pastaj do t\u00eb shohim n\u00ebse bashk\u00ebsia nd\u00ebrkomb\u00ebtare guxon t\u00eb sulmoj\u00eb pozicionet serbe dhe ta trajtoj\u00eb popullin serb n\u00eb k\u00ebt\u00eb m\u00ebnyr\u00eb\u201d.<\/p>\n<p>Ai e filloi karrier\u00ebn e tij politike si an\u00ebtar dhe m\u00eb pas deputet i Partis\u00eb Radikale Serbe, nj\u00eb parti nacionaliste serbe e ekstremit t\u00eb djatht\u00eb q\u00eb synonte krijimin e Serbis\u00eb s\u00eb Madhe duke i eliminuar vendet fqinje, edhe me gjenocid.<\/p>\n<p>Vu\u00e7iq m\u00eb pas mbajti postin ky\u00e7 t\u00eb ministrit t\u00eb Informacionit n\u00eb regjimin gjenocidal serb n\u00ebn Milloshevi\u00e7in gjat\u00eb masakrave n\u00eb Kosov\u00eb, p\u00ebrfshir\u00eb masakr\u00ebn e Re\u00e7akut, n\u00eb t\u00eb cil\u00ebn forcat serbe vran\u00eb 45 civil\u00eb shqiptar\u00eb. Edhe p\u00ebr k\u00ebt\u00eb masak\u00ebr dhe t\u00eb gjitha t\u00eb tjerat q\u00eb kan\u00eb ndodhur n\u00eb Kosov\u00eb, Vu\u00e7iq nuk ka k\u00ebrkuar falje dhe as \u00ebsht\u00eb penduar, por vazhdimisht duke i mohuar krimet \u00e7njer\u00ebzore. Ai e ka mohuar t\u00eb ket\u00eb ndodhur ndonj\u00ebher\u00eb masakra e Re\u00e7akut.<\/p>\n<p>\u201cGjith\u00e7ka u shpik nga ai mashtrues, mashtrues dhe mashtrues global, Walker,\u201d kishte deklaruar ai.<\/p>\n<p>Vu\u00e7iq aktualisht \u00ebsht\u00eb president i Serbis\u00eb, i cili koh\u00eb pas koh\u00eb flirton me Rusin\u00eb, n\u00eb koh\u00ebn kur ajo \u00ebsht\u00eb duke e zhvilluar agresionin e saj n\u00eb Ukrain\u00eb.<\/p>\n<p><iframe loading=\"lazy\" width=\"560\" height=\"315\" src=\"https:\/\/www.youtube.com\/embed\/PU6t2XWFQD8?si=pH7Qu2CVuwCZTwnI\" title=\"YouTube video player\" frameborder=\"0\" allow=\"accelerometer; autoplay; clipboard-write; encrypted-media; gyroscope; picture-in-picture; web-share\" allowfullscreen><\/iframe><\/p>\n\n<div style=\"font-size: 0px; height: 0px; line-height: 0px; margin: 0; padding: 0; clear: both;\"><\/div>","protected":false},"excerpt":{"rendered":"<p>\u201cP\u00ebr \u00e7do serb t\u00eb vrar\u00eb ne do t\u00eb vrasim 100 mysliman\u00eb\u201d, kishte th\u00ebn\u00eb Aleksandar Vu\u00e7iq (presidenti aktual serb) n\u00eb korrik t\u00eb vitit 1995, vet\u00ebm disa dit\u00eb pasi&#8230; <\/p>\n","protected":false},"author":1,"featured_media":4259,"comment_status":"open","ping_status":"open","sticky":false,"template":"","format":"standard","meta":{"footnotes":""},"categories":[6],"tags":[],"class_list":["post-4258","post","type-post","status-publish","format-standard","has-post-thumbnail","hentry","category-lajme"],"_links":{"self":[{"href":"https:\/\/new.findnews5.com\/index.php?rest_route=\/wp\/v2\/posts\/4258","targetHints":{"allow":["GET"]}}],"collection":[{"href":"https:\/\/new.findnews5.com\/index.php?rest_route=\/wp\/v2\/posts"}],"about":[{"href":"https:\/\/new.findnews5.com\/index.php?rest_route=\/wp\/v2\/types\/post"}],"author":[{"embeddable":true,"href":"https:\/\/new.findnews5.com\/index.php?rest_route=\/wp\/v2\/users\/1"}],"replies":[{"embeddable":true,"href":"https:\/\/new.findnews5.com\/index.php?rest_route=%2Fwp%2Fv2%2Fcomments&post=4258"}],"version-history":[{"count":0,"href":"https:\/\/new.findnews5.com\/index.php?rest_route=\/wp\/v2\/posts\/4258\/revisions"}],"wp:featuredmedia":[{"embeddable":true,"href":"https:\/\/new.findnews5.com\/index.php?rest_route=\/wp\/v2\/media\/4259"}],"wp:attachment":[{"href":"https:\/\/new.findnews5.com\/index.php?rest_route=%2Fwp%2Fv2%2Fmedia&parent=4258"}],"wp:term":[{"taxonomy":"category","embeddable":true,"href":"https:\/\/new.findnews5.com\/index.php?rest_route=%2Fwp%2Fv2%2Fcategories&post=4258"},{"taxonomy":"post_tag","embeddable":true,"href":"https:\/\/new.findnews5.com\/index.php?rest_route=%2Fwp%2Fv2%2Ftags&post=4258"}],"curies":[{"name":"wp","href":"https:\/\/api.w.org\/{rel}","templated":true}]}}